{"id":69821,"date":"2020-03-06T09:16:19","date_gmt":"2020-03-06T12:16:19","guid":{"rendered":"https:\/\/eldiariodesanpedro.com.ar\/sitio\/?p=69821"},"modified":"2020-03-06T09:16:26","modified_gmt":"2020-03-06T12:16:26","slug":"marta-alonso-fue-designada-jefa-distrital-de-educacion","status":"publish","type":"post","link":"https:\/\/eldiariodesanpedro.com.ar\/sitio\/marta-alonso-fue-designada-jefa-distrital-de-educacion\/","title":{"rendered":"Marta Alonso fue designada Jefa Distrital de Educaci\u00f3n"},"content":{"rendered":"<!-- VideographyWP Plugin Message: Automatic video embedding prevented by plugin options. -->\n\n<p>La ola de nombramientos no se detiene y ahora el gobierno provincial design\u00f3 a la docente Marta Alonso titular del \u00e1rea en lugar de Mercedes Vell\u00f3n.<\/p>\n\n\n\n<p>En las \u00faltimas horas se conoci\u00f3 la decisi\u00f3n adoptada por la\u00a0Direcci\u00f3n General de Cultura y Educaci\u00f3n que eligi\u00f3 a la docente Marta Alonso como nueva Jefa Distrital de Educaci\u00f3n.\u00a0<\/p>\n\n\n\n<p>La flamante funcionaria asume en el cargo en lugar de la profesora Mercedes Vell\u00f3n.<\/p>\n\n\n\n<p>Alonso cuenta con una basta trayectoria en la rama educativa desempe\u00f1\u00e1ndose en distintos establecimientos de la ciudad llegando a ocupar este mismo cargo hasta que decidi\u00f3 renunciar en el a\u00f1o 2016 para asumir como jefa de la unidad acad\u00e9mica de la Escuela Normal.\u00a0<\/p>\n\n\n\n<p>Fuente: San Pedro Informa<\/p>\n\n\n\n<p><br><\/p>\n","protected":false},"excerpt":{"rendered":"<p>La ola de nombramientos no se detiene y ahora el gobierno provincial design\u00f3 a la docente Marta Alonso titular del \u00e1rea en lugar de Mercedes Vell\u00f3n. En las \u00faltimas horas se conoci\u00f3 la decisi\u00f3n adoptada por la\u00a0Direcci\u00f3n General de Cultura y Educaci\u00f3n que eligi\u00f3 a la docente Marta Alonso como nueva Jefa Distrital de Educaci\u00f3n.\u00a0 [&hellip;]<\/p>\n","protected":false},"author":4,"featured_media":69822,"comment_status":"open","ping_status":"closed","sticky":false,"template":"","format":"standard","meta":{"om_disable_all_campaigns":false,"_jetpack_memberships_contains_paid_content":false,"footnotes":""},"categories":[101,2],"tags":[],"class_list":["post-69821","post","type-post","status-publish","format-standard","has-post-thumbnail","hentry","category-interes-general-locales","category-locales"],"aioseo_notices":[],"gutentor_comment":0,"jetpack_featured_media_url":"https:\/\/eldiariodesanpedro.com.ar\/sitio\/wp-content\/uploads\/2020\/03\/000082556.jpg","jetpack_shortlink":"https:\/\/wp.me\/p6RhLt-ia9","jetpack_sharing_enabled":true,"_links":{"self":[{"href":"https:\/\/eldiariodesanpedro.com.ar\/sitio\/wp-json\/wp\/v2\/posts\/69821","targetHints":{"allow":["GET"]}}],"collection":[{"href":"https:\/\/eldiariodesanpedro.com.ar\/sitio\/wp-json\/wp\/v2\/posts"}],"about":[{"href":"https:\/\/eldiariodesanpedro.com.ar\/sitio\/wp-json\/wp\/v2\/types\/post"}],"author":[{"embeddable":true,"href":"https:\/\/eldiariodesanpedro.com.ar\/sitio\/wp-json\/wp\/v2\/users\/4"}],"replies":[{"embeddable":true,"href":"https:\/\/eldiariodesanpedro.com.ar\/sitio\/wp-json\/wp\/v2\/comments?post=69821"}],"version-history":[{"count":1,"href":"https:\/\/eldiariodesanpedro.com.ar\/sitio\/wp-json\/wp\/v2\/posts\/69821\/revisions"}],"predecessor-version":[{"id":69823,"href":"https:\/\/eldiariodesanpedro.com.ar\/sitio\/wp-json\/wp\/v2\/posts\/69821\/revisions\/69823"}],"wp:featuredmedia":[{"embeddable":true,"href":"https:\/\/eldiariodesanpedro.com.ar\/sitio\/wp-json\/wp\/v2\/media\/69822"}],"wp:attachment":[{"href":"https:\/\/eldiariodesanpedro.com.ar\/sitio\/wp-json\/wp\/v2\/media?parent=69821"}],"wp:term":[{"taxonomy":"category","embeddable":true,"href":"https:\/\/eldiariodesanpedro.com.ar\/sitio\/wp-json\/wp\/v2\/categories?post=69821"},{"taxonomy":"post_tag","embeddable":true,"href":"https:\/\/eldiariodesanpedro.com.ar\/sitio\/wp-json\/wp\/v2\/tags?post=69821"}],"curies":[{"name":"wp","href":"https:\/\/api.w.org\/{rel}","templated":true}]}}