{"id":69818,"date":"2020-03-06T09:13:39","date_gmt":"2020-03-06T12:13:39","guid":{"rendered":"https:\/\/eldiariodesanpedro.com.ar\/sitio\/?p=69818"},"modified":"2020-03-06T09:13:46","modified_gmt":"2020-03-06T12:13:46","slug":"el-dr-nicolas-macchia-es-el-nuevo-jefe-del-cdr-san-pedro","status":"publish","type":"post","link":"https:\/\/eldiariodesanpedro.com.ar\/sitio\/el-dr-nicolas-macchia-es-el-nuevo-jefe-del-cdr-san-pedro\/","title":{"rendered":"El Dr. Nicol\u00e1s Macchia es el nuevo jefe del CDR San Pedro"},"content":{"rendered":"<!-- VideographyWP Plugin Message: Automatic video embedding prevented by plugin options. -->\n\n<p>El ex concejal kirchnerista y ex Secretario de Desarrollo Humano\u00a0 asumir\u00e1 en el \u00e1rea dependiente de Desarrollo Social en lugar de Jos\u00e9 Franchini.\u00a0<\/p>\n\n\n\n<p><br><\/p>\n\n\n\n<p>En las \u00faltimas horas comenzaron a conocerse los nombres de quienes ocupar\u00e1n cargos pol\u00edticos en los lugares que quedaron pendientes tras las elecciones de octubre pasado y que dependen del gobierno provincial o de naci\u00f3n.\u00a0<\/p>\n\n\n\n<p>Una de las jefaturas que aun no ten\u00eda director era el&nbsp;Centro de Referencia del Ministerio de Desarrollo Social en San Pedro, \u00e1rea que hasta diciembre estuvo a cargo de Jos\u00e9 Franchini.<\/p>\n\n\n\n<p>Ahora el gobierno provincial se defini\u00f3 y design\u00f3 como nuevo titular del CDR&nbsp;al ex concejal y ex Secretario de Desarrollo Humano, Dr. Nicol\u00e1s Macchia.<\/p>\n\n\n\n<p>El abogado cuenta con una basta trayectoria en el campo pol\u00edtico kirchnerista, hijo del recordado Elvio Macchia, y con una estrecha relaci\u00f3n con varios de los funcionarios actuales del gobierno provincial y nacional.&nbsp; &nbsp;<\/p>\n\n\n\n<p>Adem\u00e1s, en su actividad particular, como profesional, desde su estudio junto al Dr. Valent\u00edn Mastr\u00e1ngelo, impuls\u00f3 la causa contra el ex Intendente Mario Barbieri y el arquitecto Flavio Peir\u00f3, por las irregularidades advertidas en la construcci\u00f3n del barrio San Francisco.<\/p>\n\n\n\n<p>Macchia asumir\u00e1 en las pr\u00f3ximas horas.<\/p>\n\n\n\n<p><\/p>\n","protected":false},"excerpt":{"rendered":"<p>El ex concejal kirchnerista y ex Secretario de Desarrollo Humano\u00a0 asumir\u00e1 en el \u00e1rea dependiente de Desarrollo Social en lugar de Jos\u00e9 Franchini.\u00a0 En las \u00faltimas horas comenzaron a conocerse los nombres de quienes ocupar\u00e1n cargos pol\u00edticos en los lugares que quedaron pendientes tras las elecciones de octubre pasado y que dependen del gobierno provincial [&hellip;]<\/p>\n","protected":false},"author":4,"featured_media":69819,"comment_status":"open","ping_status":"closed","sticky":false,"template":"","format":"standard","meta":{"om_disable_all_campaigns":false,"_jetpack_memberships_contains_paid_content":false,"footnotes":""},"categories":[101,2],"tags":[],"class_list":["post-69818","post","type-post","status-publish","format-standard","has-post-thumbnail","hentry","category-interes-general-locales","category-locales"],"aioseo_notices":[],"gutentor_comment":0,"jetpack_featured_media_url":"https:\/\/eldiariodesanpedro.com.ar\/sitio\/wp-content\/uploads\/2020\/03\/000082540.jpg","jetpack_shortlink":"https:\/\/wp.me\/p6RhLt-ia6","jetpack_sharing_enabled":true,"_links":{"self":[{"href":"https:\/\/eldiariodesanpedro.com.ar\/sitio\/wp-json\/wp\/v2\/posts\/69818","targetHints":{"allow":["GET"]}}],"collection":[{"href":"https:\/\/eldiariodesanpedro.com.ar\/sitio\/wp-json\/wp\/v2\/posts"}],"about":[{"href":"https:\/\/eldiariodesanpedro.com.ar\/sitio\/wp-json\/wp\/v2\/types\/post"}],"author":[{"embeddable":true,"href":"https:\/\/eldiariodesanpedro.com.ar\/sitio\/wp-json\/wp\/v2\/users\/4"}],"replies":[{"embeddable":true,"href":"https:\/\/eldiariodesanpedro.com.ar\/sitio\/wp-json\/wp\/v2\/comments?post=69818"}],"version-history":[{"count":1,"href":"https:\/\/eldiariodesanpedro.com.ar\/sitio\/wp-json\/wp\/v2\/posts\/69818\/revisions"}],"predecessor-version":[{"id":69820,"href":"https:\/\/eldiariodesanpedro.com.ar\/sitio\/wp-json\/wp\/v2\/posts\/69818\/revisions\/69820"}],"wp:featuredmedia":[{"embeddable":true,"href":"https:\/\/eldiariodesanpedro.com.ar\/sitio\/wp-json\/wp\/v2\/media\/69819"}],"wp:attachment":[{"href":"https:\/\/eldiariodesanpedro.com.ar\/sitio\/wp-json\/wp\/v2\/media?parent=69818"}],"wp:term":[{"taxonomy":"category","embeddable":true,"href":"https:\/\/eldiariodesanpedro.com.ar\/sitio\/wp-json\/wp\/v2\/categories?post=69818"},{"taxonomy":"post_tag","embeddable":true,"href":"https:\/\/eldiariodesanpedro.com.ar\/sitio\/wp-json\/wp\/v2\/tags?post=69818"}],"curies":[{"name":"wp","href":"https:\/\/api.w.org\/{rel}","templated":true}]}}