{"id":69812,"date":"2020-03-06T09:06:36","date_gmt":"2020-03-06T12:06:36","guid":{"rendered":"https:\/\/eldiariodesanpedro.com.ar\/sitio\/?p=69812"},"modified":"2020-03-06T09:06:43","modified_gmt":"2020-03-06T12:06:43","slug":"entrega-de-cardiodesfibrilador-para-el-hospital-de-gobernador-castro","status":"publish","type":"post","link":"https:\/\/eldiariodesanpedro.com.ar\/sitio\/entrega-de-cardiodesfibrilador-para-el-hospital-de-gobernador-castro\/","title":{"rendered":"Entrega de cardiodesfibrilador para el Hospital de Gobernador Castro"},"content":{"rendered":"<!-- VideographyWP Plugin Message: Automatic video embedding prevented by plugin options. -->\n\n<p> Este jueves se realiz\u00f3, en Gobernador Castro, la presentaci\u00f3n y entrega de un cardiodesfibrilador autom\u00e1tico para el Hospital \u00ab26 de Julio\u00bb de esa localidad.<\/p>\n\n\n\n<p>Estuvieron presentes el Intendente Municipal Interino Ram\u00f3n Salazar, el Secretario de Salud Guillermo Sancho, el Secretario de Obras P\u00fablicas Ariel \u00c1lvarez, el Delegado de la localidad \u00c1ngel \u00c1lvarez y la Directora del Hospital Daniela Alves.<\/p>\n\n\n\n<p>Un desfibrilador externo autom\u00e1tico (DEA) es un dispositivo electr\u00f3nico que puede examinar el ritmo card\u00edaco para determinar si es necesario proporcionar una descarga a una persona en paro card\u00edaco.<\/p>\n\n\n\n<p>Este instrumento es muy importante por la simpleza de su uso y la idea principal es ponerlo en funcionamiento en la ambulancia del nosocomio para utilizarlo operativamente, en los pacientes de la localidad, en las emergencias en zona rural y accidentes de ruta.<\/p>\n\n\n\n<p>Adem\u00e1s, personal del Hospital realiz\u00f3 una demostraci\u00f3n sobre el funcionamiento de este instrumento a choferes, enfermeras y adolescentes presentes.<\/p>\n\n\n\n<p>Tambi\u00e9n es importante informar que se compraron equipos de seguridad completos con 8 c\u00e1maras de videovigilancia y materiales para refacciones en la cocina del Hospital. <\/p>\n\n\n\n<figure class=\"wp-block-gallery columns-3 is-cropped wp-block-gallery-1 is-layout-flex wp-block-gallery-is-layout-flex\"><ul class=\"blocks-gallery-grid\"><li class=\"blocks-gallery-item\"><figure><img decoding=\"async\" width=\"1024\" height=\"683\" data-attachment-id=\"69816\" data-permalink=\"https:\/\/eldiariodesanpedro.com.ar\/sitio\/entrega-de-cardiodesfibrilador-para-el-hospital-de-gobernador-castro\/bi4a3237\/\" data-orig-file=\"https:\/\/eldiariodesanpedro.com.ar\/sitio\/wp-content\/uploads\/2020\/03\/BI4A3237-scaled.jpg\" data-orig-size=\"2560,1707\" data-comments-opened=\"1\" data-image-meta=\"{&quot;aperture&quot;:&quot;9&quot;,&quot;credit&quot;:&quot;&quot;,&quot;camera&quot;:&quot;Canon EOS 5D Mark III&quot;,&quot;caption&quot;:&quot;&quot;,&quot;created_timestamp&quot;:&quot;1591092568&quot;,&quot;copyright&quot;:&quot;&quot;,&quot;focal_length&quot;:&quot;24&quot;,&quot;iso&quot;:&quot;5000&quot;,&quot;shutter_speed&quot;:&quot;0.00625&quot;,&quot;title&quot;:&quot;&quot;,&quot;orientation&quot;:&quot;0&quot;}\" data-image-title=\"BI4A3237\" data-image-description=\"\" data-image-caption=\"\" data-large-file=\"https:\/\/eldiariodesanpedro.com.ar\/sitio\/wp-content\/uploads\/2020\/03\/BI4A3237-1024x683.jpg\" data-src=\"https:\/\/eldiariodesanpedro.com.ar\/sitio\/wp-content\/uploads\/2020\/03\/BI4A3237-1024x683.jpg\" alt=\"\" data-id=\"69816\" data-full-url=\"https:\/\/eldiariodesanpedro.com.ar\/sitio\/wp-content\/uploads\/2020\/03\/BI4A3237-scaled.jpg\" data-link=\"https:\/\/eldiariodesanpedro.com.ar\/sitio\/?attachment_id=69816\" class=\"wp-image-69816 lazyload\" data-srcset=\"https:\/\/eldiariodesanpedro.com.ar\/sitio\/wp-content\/uploads\/2020\/03\/BI4A3237-1024x683.jpg 1024w, https:\/\/eldiariodesanpedro.com.ar\/sitio\/wp-content\/uploads\/2020\/03\/BI4A3237-300x200.jpg 300w, https:\/\/eldiariodesanpedro.com.ar\/sitio\/wp-content\/uploads\/2020\/03\/BI4A3237-768x512.jpg 768w, https:\/\/eldiariodesanpedro.com.ar\/sitio\/wp-content\/uploads\/2020\/03\/BI4A3237-1536x1024.jpg 1536w, https:\/\/eldiariodesanpedro.com.ar\/sitio\/wp-content\/uploads\/2020\/03\/BI4A3237-2048x1365.jpg 2048w\" data-sizes=\"(max-width: 1024px) 100vw, 1024px\" src=\"data:image\/svg+xml;base64,PHN2ZyB3aWR0aD0iMSIgaGVpZ2h0PSIxIiB4bWxucz0iaHR0cDovL3d3dy53My5vcmcvMjAwMC9zdmciPjwvc3ZnPg==\" style=\"--smush-placeholder-width: 1024px; --smush-placeholder-aspect-ratio: 1024\/683;\" \/><\/figure><\/li><li class=\"blocks-gallery-item\"><figure><img decoding=\"async\" width=\"1024\" height=\"656\" data-attachment-id=\"69815\" data-permalink=\"https:\/\/eldiariodesanpedro.com.ar\/sitio\/entrega-de-cardiodesfibrilador-para-el-hospital-de-gobernador-castro\/bi4a3234\/\" data-orig-file=\"https:\/\/eldiariodesanpedro.com.ar\/sitio\/wp-content\/uploads\/2020\/03\/BI4A3234-scaled.jpg\" data-orig-size=\"2560,1640\" data-comments-opened=\"1\" data-image-meta=\"{&quot;aperture&quot;:&quot;8&quot;,&quot;credit&quot;:&quot;&quot;,&quot;camera&quot;:&quot;Canon EOS 5D Mark III&quot;,&quot;caption&quot;:&quot;&quot;,&quot;created_timestamp&quot;:&quot;1591092170&quot;,&quot;copyright&quot;:&quot;&quot;,&quot;focal_length&quot;:&quot;45&quot;,&quot;iso&quot;:&quot;400&quot;,&quot;shutter_speed&quot;:&quot;0.005&quot;,&quot;title&quot;:&quot;&quot;,&quot;orientation&quot;:&quot;0&quot;}\" data-image-title=\"BI4A3234\" data-image-description=\"\" data-image-caption=\"\" data-large-file=\"https:\/\/eldiariodesanpedro.com.ar\/sitio\/wp-content\/uploads\/2020\/03\/BI4A3234-1024x656.jpg\" data-src=\"https:\/\/eldiariodesanpedro.com.ar\/sitio\/wp-content\/uploads\/2020\/03\/BI4A3234-1024x656.jpg\" alt=\"\" data-id=\"69815\" data-full-url=\"https:\/\/eldiariodesanpedro.com.ar\/sitio\/wp-content\/uploads\/2020\/03\/BI4A3234-scaled.jpg\" data-link=\"https:\/\/eldiariodesanpedro.com.ar\/sitio\/?attachment_id=69815\" class=\"wp-image-69815 lazyload\" data-srcset=\"https:\/\/eldiariodesanpedro.com.ar\/sitio\/wp-content\/uploads\/2020\/03\/BI4A3234-1024x656.jpg 1024w, https:\/\/eldiariodesanpedro.com.ar\/sitio\/wp-content\/uploads\/2020\/03\/BI4A3234-300x192.jpg 300w, https:\/\/eldiariodesanpedro.com.ar\/sitio\/wp-content\/uploads\/2020\/03\/BI4A3234-768x492.jpg 768w, https:\/\/eldiariodesanpedro.com.ar\/sitio\/wp-content\/uploads\/2020\/03\/BI4A3234-1536x984.jpg 1536w, https:\/\/eldiariodesanpedro.com.ar\/sitio\/wp-content\/uploads\/2020\/03\/BI4A3234-2048x1312.jpg 2048w\" data-sizes=\"(max-width: 1024px) 100vw, 1024px\" src=\"data:image\/svg+xml;base64,PHN2ZyB3aWR0aD0iMSIgaGVpZ2h0PSIxIiB4bWxucz0iaHR0cDovL3d3dy53My5vcmcvMjAwMC9zdmciPjwvc3ZnPg==\" style=\"--smush-placeholder-width: 1024px; --smush-placeholder-aspect-ratio: 1024\/656;\" \/><\/figure><\/li><li class=\"blocks-gallery-item\"><figure><img decoding=\"async\" width=\"1024\" height=\"678\" data-attachment-id=\"69814\" data-permalink=\"https:\/\/eldiariodesanpedro.com.ar\/sitio\/entrega-de-cardiodesfibrilador-para-el-hospital-de-gobernador-castro\/bi4a3212\/\" data-orig-file=\"https:\/\/eldiariodesanpedro.com.ar\/sitio\/wp-content\/uploads\/2020\/03\/BI4A3212-scaled.jpg\" data-orig-size=\"2560,1694\" data-comments-opened=\"1\" data-image-meta=\"{&quot;aperture&quot;:&quot;5&quot;,&quot;credit&quot;:&quot;&quot;,&quot;camera&quot;:&quot;Canon EOS 5D Mark III&quot;,&quot;caption&quot;:&quot;&quot;,&quot;created_timestamp&quot;:&quot;1591091692&quot;,&quot;copyright&quot;:&quot;&quot;,&quot;focal_length&quot;:&quot;24&quot;,&quot;iso&quot;:&quot;400&quot;,&quot;shutter_speed&quot;:&quot;0.016666666666667&quot;,&quot;title&quot;:&quot;&quot;,&quot;orientation&quot;:&quot;0&quot;}\" data-image-title=\"BI4A3212\" data-image-description=\"\" data-image-caption=\"\" data-large-file=\"https:\/\/eldiariodesanpedro.com.ar\/sitio\/wp-content\/uploads\/2020\/03\/BI4A3212-1024x678.jpg\" data-src=\"https:\/\/eldiariodesanpedro.com.ar\/sitio\/wp-content\/uploads\/2020\/03\/BI4A3212-1024x678.jpg\" alt=\"\" data-id=\"69814\" data-full-url=\"https:\/\/eldiariodesanpedro.com.ar\/sitio\/wp-content\/uploads\/2020\/03\/BI4A3212-scaled.jpg\" data-link=\"https:\/\/eldiariodesanpedro.com.ar\/sitio\/?attachment_id=69814\" class=\"wp-image-69814 lazyload\" data-srcset=\"https:\/\/eldiariodesanpedro.com.ar\/sitio\/wp-content\/uploads\/2020\/03\/BI4A3212-1024x678.jpg 1024w, https:\/\/eldiariodesanpedro.com.ar\/sitio\/wp-content\/uploads\/2020\/03\/BI4A3212-300x199.jpg 300w, https:\/\/eldiariodesanpedro.com.ar\/sitio\/wp-content\/uploads\/2020\/03\/BI4A3212-768x508.jpg 768w, https:\/\/eldiariodesanpedro.com.ar\/sitio\/wp-content\/uploads\/2020\/03\/BI4A3212-1536x1017.jpg 1536w, https:\/\/eldiariodesanpedro.com.ar\/sitio\/wp-content\/uploads\/2020\/03\/BI4A3212-2048x1355.jpg 2048w\" data-sizes=\"(max-width: 1024px) 100vw, 1024px\" src=\"data:image\/svg+xml;base64,PHN2ZyB3aWR0aD0iMSIgaGVpZ2h0PSIxIiB4bWxucz0iaHR0cDovL3d3dy53My5vcmcvMjAwMC9zdmciPjwvc3ZnPg==\" style=\"--smush-placeholder-width: 1024px; --smush-placeholder-aspect-ratio: 1024\/678;\" \/><\/figure><\/li><li class=\"blocks-gallery-item\"><figure><img decoding=\"async\" width=\"1024\" height=\"683\" data-attachment-id=\"69813\" data-permalink=\"https:\/\/eldiariodesanpedro.com.ar\/sitio\/entrega-de-cardiodesfibrilador-para-el-hospital-de-gobernador-castro\/bi4a3202\/\" data-orig-file=\"https:\/\/eldiariodesanpedro.com.ar\/sitio\/wp-content\/uploads\/2020\/03\/BI4A3202-scaled.jpg\" data-orig-size=\"2560,1707\" data-comments-opened=\"1\" data-image-meta=\"{&quot;aperture&quot;:&quot;5.6&quot;,&quot;credit&quot;:&quot;&quot;,&quot;camera&quot;:&quot;Canon EOS 5D Mark III&quot;,&quot;caption&quot;:&quot;&quot;,&quot;created_timestamp&quot;:&quot;1591091282&quot;,&quot;copyright&quot;:&quot;&quot;,&quot;focal_length&quot;:&quot;24&quot;,&quot;iso&quot;:&quot;400&quot;,&quot;shutter_speed&quot;:&quot;0.016666666666667&quot;,&quot;title&quot;:&quot;&quot;,&quot;orientation&quot;:&quot;0&quot;}\" data-image-title=\"BI4A3202\" data-image-description=\"\" data-image-caption=\"\" data-large-file=\"https:\/\/eldiariodesanpedro.com.ar\/sitio\/wp-content\/uploads\/2020\/03\/BI4A3202-1024x683.jpg\" data-src=\"https:\/\/eldiariodesanpedro.com.ar\/sitio\/wp-content\/uploads\/2020\/03\/BI4A3202-1024x683.jpg\" alt=\"\" data-id=\"69813\" data-full-url=\"https:\/\/eldiariodesanpedro.com.ar\/sitio\/wp-content\/uploads\/2020\/03\/BI4A3202-scaled.jpg\" data-link=\"https:\/\/eldiariodesanpedro.com.ar\/sitio\/?attachment_id=69813\" class=\"wp-image-69813 lazyload\" data-srcset=\"https:\/\/eldiariodesanpedro.com.ar\/sitio\/wp-content\/uploads\/2020\/03\/BI4A3202-1024x683.jpg 1024w, https:\/\/eldiariodesanpedro.com.ar\/sitio\/wp-content\/uploads\/2020\/03\/BI4A3202-300x200.jpg 300w, https:\/\/eldiariodesanpedro.com.ar\/sitio\/wp-content\/uploads\/2020\/03\/BI4A3202-768x512.jpg 768w, https:\/\/eldiariodesanpedro.com.ar\/sitio\/wp-content\/uploads\/2020\/03\/BI4A3202-1536x1024.jpg 1536w, https:\/\/eldiariodesanpedro.com.ar\/sitio\/wp-content\/uploads\/2020\/03\/BI4A3202-2048x1365.jpg 2048w\" data-sizes=\"(max-width: 1024px) 100vw, 1024px\" src=\"data:image\/svg+xml;base64,PHN2ZyB3aWR0aD0iMSIgaGVpZ2h0PSIxIiB4bWxucz0iaHR0cDovL3d3dy53My5vcmcvMjAwMC9zdmciPjwvc3ZnPg==\" style=\"--smush-placeholder-width: 1024px; --smush-placeholder-aspect-ratio: 1024\/683;\" \/><\/figure><\/li><\/ul><\/figure>\n","protected":false},"excerpt":{"rendered":"<p>Este jueves se realiz\u00f3, en Gobernador Castro, la presentaci\u00f3n y entrega de un cardiodesfibrilador autom\u00e1tico para el Hospital \u00ab26 de Julio\u00bb de esa localidad. Estuvieron presentes el Intendente Municipal Interino Ram\u00f3n Salazar, el Secretario de Salud Guillermo Sancho, el Secretario de Obras P\u00fablicas Ariel \u00c1lvarez, el Delegado de la localidad \u00c1ngel \u00c1lvarez y la Directora [&hellip;]<\/p>\n","protected":false},"author":4,"featured_media":69816,"comment_status":"open","ping_status":"closed","sticky":false,"template":"","format":"standard","meta":{"om_disable_all_campaigns":false,"_jetpack_memberships_contains_paid_content":false,"footnotes":""},"categories":[50,101,2],"tags":[],"class_list":["post-69812","post","type-post","status-publish","format-standard","has-post-thumbnail","hentry","category-destacadas","category-interes-general-locales","category-locales"],"aioseo_notices":[],"gutentor_comment":0,"jetpack_featured_media_url":"https:\/\/eldiariodesanpedro.com.ar\/sitio\/wp-content\/uploads\/2020\/03\/BI4A3237-scaled.jpg","jetpack_shortlink":"https:\/\/wp.me\/p6RhLt-ia0","jetpack_sharing_enabled":true,"_links":{"self":[{"href":"https:\/\/eldiariodesanpedro.com.ar\/sitio\/wp-json\/wp\/v2\/posts\/69812","targetHints":{"allow":["GET"]}}],"collection":[{"href":"https:\/\/eldiariodesanpedro.com.ar\/sitio\/wp-json\/wp\/v2\/posts"}],"about":[{"href":"https:\/\/eldiariodesanpedro.com.ar\/sitio\/wp-json\/wp\/v2\/types\/post"}],"author":[{"embeddable":true,"href":"https:\/\/eldiariodesanpedro.com.ar\/sitio\/wp-json\/wp\/v2\/users\/4"}],"replies":[{"embeddable":true,"href":"https:\/\/eldiariodesanpedro.com.ar\/sitio\/wp-json\/wp\/v2\/comments?post=69812"}],"version-history":[{"count":1,"href":"https:\/\/eldiariodesanpedro.com.ar\/sitio\/wp-json\/wp\/v2\/posts\/69812\/revisions"}],"predecessor-version":[{"id":69817,"href":"https:\/\/eldiariodesanpedro.com.ar\/sitio\/wp-json\/wp\/v2\/posts\/69812\/revisions\/69817"}],"wp:featuredmedia":[{"embeddable":true,"href":"https:\/\/eldiariodesanpedro.com.ar\/sitio\/wp-json\/wp\/v2\/media\/69816"}],"wp:attachment":[{"href":"https:\/\/eldiariodesanpedro.com.ar\/sitio\/wp-json\/wp\/v2\/media?parent=69812"}],"wp:term":[{"taxonomy":"category","embeddable":true,"href":"https:\/\/eldiariodesanpedro.com.ar\/sitio\/wp-json\/wp\/v2\/categories?post=69812"},{"taxonomy":"post_tag","embeddable":true,"href":"https:\/\/eldiariodesanpedro.com.ar\/sitio\/wp-json\/wp\/v2\/tags?post=69812"}],"curies":[{"name":"wp","href":"https:\/\/api.w.org\/{rel}","templated":true}]}}