{"id":69805,"date":"2020-03-05T13:08:52","date_gmt":"2020-03-05T16:08:52","guid":{"rendered":"https:\/\/eldiariodesanpedro.com.ar\/sitio\/?p=69805"},"modified":"2020-03-05T13:08:53","modified_gmt":"2020-03-05T16:08:53","slug":"coopser-corte-programado","status":"publish","type":"post","link":"https:\/\/eldiariodesanpedro.com.ar\/sitio\/coopser-corte-programado\/","title":{"rendered":"COOPSER: Corte programado"},"content":{"rendered":"<!-- VideographyWP Plugin Message: Automatic video embedding prevented by plugin options. -->\n\n<p>Coopser informa que ma\u00f1ana viernes 6 de marzo se cumplir\u00e1 con un corte programado de energ\u00eda el\u00e9ctrica en Calle Acceso al Puerto desde R\u00f3mulo Naon hasta Bajada Presidente Kirchner y desde Camino Vapor Nacional Correo desde Bajada Kirchner hasta Calle E.Estevez (ex 66).<br><strong><br><\/strong>Las tareas se extender\u00e1n aproximadamente entre las 7 y las 12.\u00a0Rn caso de mal tiempo ser\u00e1n reprogramadas.\u00a0<\/p>\n","protected":false},"excerpt":{"rendered":"<p>Coopser informa que ma\u00f1ana viernes 6 de marzo se cumplir\u00e1 con un corte programado de energ\u00eda el\u00e9ctrica en Calle Acceso al Puerto desde R\u00f3mulo Naon hasta Bajada Presidente Kirchner y desde Camino Vapor Nacional Correo desde Bajada Kirchner hasta Calle E.Estevez (ex 66).Las tareas se extender\u00e1n aproximadamente entre las 7 y las 12.\u00a0Rn caso de [&hellip;]<\/p>\n","protected":false},"author":4,"featured_media":69806,"comment_status":"open","ping_status":"closed","sticky":false,"template":"","format":"standard","meta":{"om_disable_all_campaigns":false,"_jetpack_memberships_contains_paid_content":false,"footnotes":""},"categories":[101,2],"tags":[],"class_list":["post-69805","post","type-post","status-publish","format-standard","has-post-thumbnail","hentry","category-interes-general-locales","category-locales"],"aioseo_notices":[],"gutentor_comment":0,"jetpack_featured_media_url":"https:\/\/eldiariodesanpedro.com.ar\/sitio\/wp-content\/uploads\/2020\/03\/310355.jpg","jetpack_shortlink":"https:\/\/wp.me\/p6RhLt-i9T","jetpack_sharing_enabled":true,"_links":{"self":[{"href":"https:\/\/eldiariodesanpedro.com.ar\/sitio\/wp-json\/wp\/v2\/posts\/69805","targetHints":{"allow":["GET"]}}],"collection":[{"href":"https:\/\/eldiariodesanpedro.com.ar\/sitio\/wp-json\/wp\/v2\/posts"}],"about":[{"href":"https:\/\/eldiariodesanpedro.com.ar\/sitio\/wp-json\/wp\/v2\/types\/post"}],"author":[{"embeddable":true,"href":"https:\/\/eldiariodesanpedro.com.ar\/sitio\/wp-json\/wp\/v2\/users\/4"}],"replies":[{"embeddable":true,"href":"https:\/\/eldiariodesanpedro.com.ar\/sitio\/wp-json\/wp\/v2\/comments?post=69805"}],"version-history":[{"count":1,"href":"https:\/\/eldiariodesanpedro.com.ar\/sitio\/wp-json\/wp\/v2\/posts\/69805\/revisions"}],"predecessor-version":[{"id":69807,"href":"https:\/\/eldiariodesanpedro.com.ar\/sitio\/wp-json\/wp\/v2\/posts\/69805\/revisions\/69807"}],"wp:featuredmedia":[{"embeddable":true,"href":"https:\/\/eldiariodesanpedro.com.ar\/sitio\/wp-json\/wp\/v2\/media\/69806"}],"wp:attachment":[{"href":"https:\/\/eldiariodesanpedro.com.ar\/sitio\/wp-json\/wp\/v2\/media?parent=69805"}],"wp:term":[{"taxonomy":"category","embeddable":true,"href":"https:\/\/eldiariodesanpedro.com.ar\/sitio\/wp-json\/wp\/v2\/categories?post=69805"},{"taxonomy":"post_tag","embeddable":true,"href":"https:\/\/eldiariodesanpedro.com.ar\/sitio\/wp-json\/wp\/v2\/tags?post=69805"}],"curies":[{"name":"wp","href":"https:\/\/api.w.org\/{rel}","templated":true}]}}