{"id":69795,"date":"2020-03-05T11:59:48","date_gmt":"2020-03-05T14:59:48","guid":{"rendered":"https:\/\/eldiariodesanpedro.com.ar\/sitio\/?p=69795"},"modified":"2020-03-05T11:59:56","modified_gmt":"2020-03-05T14:59:56","slug":"la-policia-secuestro-bicicleta-e-intentan-ubicar-a-su-dueno","status":"publish","type":"post","link":"https:\/\/eldiariodesanpedro.com.ar\/sitio\/la-policia-secuestro-bicicleta-e-intentan-ubicar-a-su-dueno\/","title":{"rendered":"La Polic\u00eda secuestr\u00f3 bicicleta e intentan ubicar a su due\u00f1o"},"content":{"rendered":"<!-- VideographyWP Plugin Message: Automatic video embedding prevented by plugin options. -->\n\n<p>El rodado del estilo mountain bike es considerado de alta gama y fue secuestrado en un allanamiento efectuado en el barrio Bajo Cementerio.\u00a0<\/p>\n\n\n\n<p>Personal de Sub DDI\u00a0San Pedro- Baradero, en conjunto con el Gabinete de Prevenci\u00f3n Criminol\u00f3gico de la Estaci\u00f3n de Polic\u00eda Comunal, secuestr\u00f3 una bicicleta que se estima ser\u00eda de procedencia dudosa.\u00a0<\/p>\n\n\n\n<p>Es un rodado del tipo Muntain bike, color blanco con detalles en color rojo, marca MAZ, modelo MOS10, con stickers que dicen: \u00abHILLS RIDER\u00bb \u2013 \u00abADRIAN CASAROTTO\u00bb, y posee numeraci\u00f3n de fabrica en la caja pedalera. En tal rodado circulaba un sujeto de sexo masculino, morador de uno de los domicilios allanados, qui\u00e9n al advertir la presencia policial lo dej\u00f3 abandonado y se dio a la fuga a pie hacia la zona de barrancas.<\/p>\n\n\n\n<p>La polic\u00eda realiz\u00f3 un relevamiento entre familiares y vecinos del sujeto, acerca de la procedencia del rodado en cuesti\u00f3n, pero el mismo resulta ser desconocido del lugar; tampoco se pudo determinar si se trata del bot\u00edn de un acto il\u00edcito. El biciclo fue trasladado a sede de la DDI (Gomendio y O Cezar \u2013 primer piso) policial a los efectos de determinar su procedencia.<\/p>\n\n\n\n<p>Fuente: SAn Pedro Informa<\/p>\n","protected":false},"excerpt":{"rendered":"<p>El rodado del estilo mountain bike es considerado de alta gama y fue secuestrado en un allanamiento efectuado en el barrio Bajo Cementerio.\u00a0 Personal de Sub DDI\u00a0San Pedro- Baradero, en conjunto con el Gabinete de Prevenci\u00f3n Criminol\u00f3gico de la Estaci\u00f3n de Polic\u00eda Comunal, secuestr\u00f3 una bicicleta que se estima ser\u00eda de procedencia dudosa.\u00a0 Es un [&hellip;]<\/p>\n","protected":false},"author":4,"featured_media":69796,"comment_status":"open","ping_status":"closed","sticky":false,"template":"","format":"standard","meta":{"om_disable_all_campaigns":false,"_jetpack_memberships_contains_paid_content":false,"footnotes":""},"categories":[2,103],"tags":[],"class_list":["post-69795","post","type-post","status-publish","format-standard","has-post-thumbnail","hentry","category-locales","category-policiales-locales"],"aioseo_notices":[],"gutentor_comment":0,"jetpack_featured_media_url":"https:\/\/eldiariodesanpedro.com.ar\/sitio\/wp-content\/uploads\/2020\/03\/000082532.jpg","jetpack_shortlink":"https:\/\/wp.me\/p6RhLt-i9J","jetpack_sharing_enabled":true,"_links":{"self":[{"href":"https:\/\/eldiariodesanpedro.com.ar\/sitio\/wp-json\/wp\/v2\/posts\/69795","targetHints":{"allow":["GET"]}}],"collection":[{"href":"https:\/\/eldiariodesanpedro.com.ar\/sitio\/wp-json\/wp\/v2\/posts"}],"about":[{"href":"https:\/\/eldiariodesanpedro.com.ar\/sitio\/wp-json\/wp\/v2\/types\/post"}],"author":[{"embeddable":true,"href":"https:\/\/eldiariodesanpedro.com.ar\/sitio\/wp-json\/wp\/v2\/users\/4"}],"replies":[{"embeddable":true,"href":"https:\/\/eldiariodesanpedro.com.ar\/sitio\/wp-json\/wp\/v2\/comments?post=69795"}],"version-history":[{"count":1,"href":"https:\/\/eldiariodesanpedro.com.ar\/sitio\/wp-json\/wp\/v2\/posts\/69795\/revisions"}],"predecessor-version":[{"id":69797,"href":"https:\/\/eldiariodesanpedro.com.ar\/sitio\/wp-json\/wp\/v2\/posts\/69795\/revisions\/69797"}],"wp:featuredmedia":[{"embeddable":true,"href":"https:\/\/eldiariodesanpedro.com.ar\/sitio\/wp-json\/wp\/v2\/media\/69796"}],"wp:attachment":[{"href":"https:\/\/eldiariodesanpedro.com.ar\/sitio\/wp-json\/wp\/v2\/media?parent=69795"}],"wp:term":[{"taxonomy":"category","embeddable":true,"href":"https:\/\/eldiariodesanpedro.com.ar\/sitio\/wp-json\/wp\/v2\/categories?post=69795"},{"taxonomy":"post_tag","embeddable":true,"href":"https:\/\/eldiariodesanpedro.com.ar\/sitio\/wp-json\/wp\/v2\/tags?post=69795"}],"curies":[{"name":"wp","href":"https:\/\/api.w.org\/{rel}","templated":true}]}}