{"id":69792,"date":"2020-03-05T12:10:20","date_gmt":"2020-03-05T15:10:20","guid":{"rendered":"https:\/\/eldiariodesanpedro.com.ar\/sitio\/?p=69792"},"modified":"2020-03-05T12:10:28","modified_gmt":"2020-03-05T15:10:28","slug":"bajo-puerto-otra-vez-allanamiento-a-un-conocido-delincuente","status":"publish","type":"post","link":"https:\/\/eldiariodesanpedro.com.ar\/sitio\/bajo-puerto-otra-vez-allanamiento-a-un-conocido-delincuente\/","title":{"rendered":"Bajo puerto: otra vez allanamiento a un conocido delincuente"},"content":{"rendered":"<!-- VideographyWP Plugin Message: Automatic video embedding prevented by plugin options. -->\n\n<h2 class=\"wp-block-heading\"><strong>ENTRA Y SALE<\/strong> <\/h2>\n\n\n\n<p>El malviviente de 19 a\u00f1os de edad fue reconocido, seg\u00fan la v\u00edctima,\u00a0 tras provocar un incendio. Por elementos de combusti\u00f3n dio negativo el allanamiento pero en su vivienda se le secuestraron objetos de valor robados en el marco de otra causa.<br><\/p>\n\n\n\n<p>El dia 2 de marzo del corriente a\u00f1o un hombre de 59 a\u00f1os de edad radic\u00f3 su denuncia en la comisar\u00eda local\u00a0 con intervenci\u00f3n de  UFI 11, por un hecho de incendio e su propiedad.<br><\/p>\n\n\n\n<p>Tras m\u00faltiples e intensas tareas realizadas por personal de Gabinete Crimin\u00f3logo, se logr\u00f3 establecer autor\u00eda de un delincuente con frondosos antecedentes, conocido por varios hechos resonantes  delictivos,  cometidos en nuestra ciudad, con domicilio en Vapor Nacional (bajada de puerto).<\/p>\n\n\n\n<p>El mes pasado los efectivos tambi\u00e9n realizaron una diligencia en su morada secuestrando elementos robados, resultando altamente positivo el procedimiento pero el Juzgado de Garant\u00edas le otorg\u00f3 su libertad.<br><\/p>\n\n\n\n<p>Este mi\u00e9rcoles solicitadas \u00f3rdenes de allanamiento extendidas p\u00f2r el magistrado. Se realiz\u00f3 un amplio operativo policial d\u00f3nde arroja resultado negativo con respecto a elementos de combusti\u00f3n,que as\u00ed mismo en dicho domicilio donde reside el masculino en cuesti\u00f3n se encontraron elementos de causa caratulada ROBO denunciada el d\u00eda 3 del corriente, que consultado a fiscal\u00eda interviniente UFI 11 dispuso el secuestro en car\u00e1cter de urgencia de dos l\u00e1mparas de 500 wts y de gran cantidad de forro de cable de bronce ya quemado, adem\u00e1s de un cr\u00edquet de cami\u00f3n y ausente\u00a0 morador  en diligencia.<\/p>\n","protected":false},"excerpt":{"rendered":"<p>ENTRA Y SALE El malviviente de 19 a\u00f1os de edad fue reconocido, seg\u00fan la v\u00edctima,\u00a0 tras provocar un incendio. Por elementos de combusti\u00f3n dio negativo el allanamiento pero en su vivienda se le secuestraron objetos de valor robados en el marco de otra causa. El dia 2 de marzo del corriente a\u00f1o un hombre de [&hellip;]<\/p>\n","protected":false},"author":4,"featured_media":69799,"comment_status":"open","ping_status":"closed","sticky":false,"template":"","format":"standard","meta":{"om_disable_all_campaigns":false,"_jetpack_memberships_contains_paid_content":false,"footnotes":""},"categories":[50,2,103],"tags":[],"class_list":["post-69792","post","type-post","status-publish","format-standard","has-post-thumbnail","hentry","category-destacadas","category-locales","category-policiales-locales"],"aioseo_notices":[],"gutentor_comment":0,"jetpack_featured_media_url":"https:\/\/eldiariodesanpedro.com.ar\/sitio\/wp-content\/uploads\/2020\/03\/3_IMG-20200124-WA0039_watermark_vie._24012020_101547.jpg","jetpack_shortlink":"https:\/\/wp.me\/p6RhLt-i9G","jetpack_sharing_enabled":true,"_links":{"self":[{"href":"https:\/\/eldiariodesanpedro.com.ar\/sitio\/wp-json\/wp\/v2\/posts\/69792","targetHints":{"allow":["GET"]}}],"collection":[{"href":"https:\/\/eldiariodesanpedro.com.ar\/sitio\/wp-json\/wp\/v2\/posts"}],"about":[{"href":"https:\/\/eldiariodesanpedro.com.ar\/sitio\/wp-json\/wp\/v2\/types\/post"}],"author":[{"embeddable":true,"href":"https:\/\/eldiariodesanpedro.com.ar\/sitio\/wp-json\/wp\/v2\/users\/4"}],"replies":[{"embeddable":true,"href":"https:\/\/eldiariodesanpedro.com.ar\/sitio\/wp-json\/wp\/v2\/comments?post=69792"}],"version-history":[{"count":1,"href":"https:\/\/eldiariodesanpedro.com.ar\/sitio\/wp-json\/wp\/v2\/posts\/69792\/revisions"}],"predecessor-version":[{"id":69800,"href":"https:\/\/eldiariodesanpedro.com.ar\/sitio\/wp-json\/wp\/v2\/posts\/69792\/revisions\/69800"}],"wp:featuredmedia":[{"embeddable":true,"href":"https:\/\/eldiariodesanpedro.com.ar\/sitio\/wp-json\/wp\/v2\/media\/69799"}],"wp:attachment":[{"href":"https:\/\/eldiariodesanpedro.com.ar\/sitio\/wp-json\/wp\/v2\/media?parent=69792"}],"wp:term":[{"taxonomy":"category","embeddable":true,"href":"https:\/\/eldiariodesanpedro.com.ar\/sitio\/wp-json\/wp\/v2\/categories?post=69792"},{"taxonomy":"post_tag","embeddable":true,"href":"https:\/\/eldiariodesanpedro.com.ar\/sitio\/wp-json\/wp\/v2\/tags?post=69792"}],"curies":[{"name":"wp","href":"https:\/\/api.w.org\/{rel}","templated":true}]}}