{"id":69787,"date":"2020-03-05T11:54:43","date_gmt":"2020-03-05T14:54:43","guid":{"rendered":"https:\/\/eldiariodesanpedro.com.ar\/sitio\/?p=69787"},"modified":"2020-03-05T11:54:50","modified_gmt":"2020-03-05T14:54:50","slug":"dia-de-la-mujer-trabajadora-el-proximo-domingo-en-la-peatonal","status":"publish","type":"post","link":"https:\/\/eldiariodesanpedro.com.ar\/sitio\/dia-de-la-mujer-trabajadora-el-proximo-domingo-en-la-peatonal\/","title":{"rendered":"Dia de la Mujer Trabajadora el proximo domingo en la peatonal"},"content":{"rendered":"<!-- VideographyWP Plugin Message: Automatic video embedding prevented by plugin options. -->\n\n<p> Este domingo 8 de marzo, en el marco de las actividades por el D\u00eda Internacional de la Mujer Trabajadora, la Multisectorial de Mujeres van a estar realizando una radio abierta y marcha, desde Mitre y la Peatonal. Adem\u00e1s se realizar\u00e1n distintas actividades incluidas en el marco de esa semana, incluyendo el Paro Internacional convocado para el d\u00eda lunes 9.<\/p>\n\n\n\n<p>El virernes 7 de marzo se realizara un taller sobre violencia de g\u00e9nero en el Barrio Villa Igoillo, mas precisamente en Molina y las vias.<br>El Domingo 8 de marzo se realizara una radio abierta a partir de las 18;30 hs en la peatonal y despues de las 19:30 hs se realizara una marcha.<br>El dia 9 de marzo  se realizara el paro Internacional de mujeres \u00absi nuestras vidas no valen, produzcan sin nosostras\u00bb.<\/p>\n\n\n\n<figure class=\"wp-block-image size-large\"><img decoding=\"async\" width=\"1280\" height=\"908\" data-attachment-id=\"69788\" data-permalink=\"https:\/\/eldiariodesanpedro.com.ar\/sitio\/dia-de-la-mujer-trabajadora-el-proximo-domingo-en-la-peatonal\/whatsapp-image-2020-03-04-at-13-29-32\/\" data-orig-file=\"https:\/\/eldiariodesanpedro.com.ar\/sitio\/wp-content\/uploads\/2020\/03\/WhatsApp-Image-2020-03-04-at-13.29.32.jpeg\" data-orig-size=\"1280,908\" data-comments-opened=\"1\" data-image-meta=\"{&quot;aperture&quot;:&quot;0&quot;,&quot;credit&quot;:&quot;&quot;,&quot;camera&quot;:&quot;&quot;,&quot;caption&quot;:&quot;&quot;,&quot;created_timestamp&quot;:&quot;0&quot;,&quot;copyright&quot;:&quot;&quot;,&quot;focal_length&quot;:&quot;0&quot;,&quot;iso&quot;:&quot;0&quot;,&quot;shutter_speed&quot;:&quot;0&quot;,&quot;title&quot;:&quot;&quot;,&quot;orientation&quot;:&quot;0&quot;}\" data-image-title=\"WhatsApp-Image-2020-03-04-at-13.29.32\" data-image-description=\"\" data-image-caption=\"\" data-large-file=\"https:\/\/eldiariodesanpedro.com.ar\/sitio\/wp-content\/uploads\/2020\/03\/WhatsApp-Image-2020-03-04-at-13.29.32-1024x726.jpeg\" data-src=\"https:\/\/i1.wp.com\/eldiariodesanpedro.com.ar\/sitio\/wp-content\/uploads\/2020\/03\/WhatsApp-Image-2020-03-04-at-13.29.32.jpeg?fit=640%2C454\" alt=\"\" class=\"wp-image-69788 lazyload\" data-srcset=\"https:\/\/eldiariodesanpedro.com.ar\/sitio\/wp-content\/uploads\/2020\/03\/WhatsApp-Image-2020-03-04-at-13.29.32.jpeg 1280w, https:\/\/eldiariodesanpedro.com.ar\/sitio\/wp-content\/uploads\/2020\/03\/WhatsApp-Image-2020-03-04-at-13.29.32-300x213.jpeg 300w, https:\/\/eldiariodesanpedro.com.ar\/sitio\/wp-content\/uploads\/2020\/03\/WhatsApp-Image-2020-03-04-at-13.29.32-1024x726.jpeg 1024w, https:\/\/eldiariodesanpedro.com.ar\/sitio\/wp-content\/uploads\/2020\/03\/WhatsApp-Image-2020-03-04-at-13.29.32-768x545.jpeg 768w\" data-sizes=\"(max-width: 1280px) 100vw, 1280px\" src=\"data:image\/svg+xml;base64,PHN2ZyB3aWR0aD0iMSIgaGVpZ2h0PSIxIiB4bWxucz0iaHR0cDovL3d3dy53My5vcmcvMjAwMC9zdmciPjwvc3ZnPg==\" style=\"--smush-placeholder-width: 1280px; --smush-placeholder-aspect-ratio: 1280\/908;\" \/><\/figure>\n\n\n\n<p>Por su parte la Biblioteca Popular Rafael Obligado junto con la Agrupaci\u00f3n de Mujeres Minerva Mirabal invitan a la comunidad a las actividades que realizaran en el marco del d\u00eda de la mujer, el d\u00eda 11 de marzo con la llegada de la escritora,\u00a0polit\u00f3loga\u00a0Florencia Freijo a nuestra ciudad.<\/p>\n\n\n\n<p>A las 14 hs se realizara una capacitaci\u00f3n de genero en el Sindicato de Trabajadores Municipales (San Mart\u00edn 580) donde se abordaran los temas:\u00a0-Mujeres en la actividad sindical. Historia y representaci\u00f3n pol\u00edtica a hoy.-Mujeres y poder\/Violencia pol\u00edtica\/Nuevas formas de participaci\u00f3n m\u00e1s representativa.<br>A las 18 hs la escritora presentara su libro \u00abSolas (aun acompa\u00f1adas)\u00bb, en la Biblioteca Popular Rafael Obligado(Mitre 460), en el cual la autora Florencia Freijo hace un repaso por la cultura; la pol\u00edtica; la industria del entretenimiento; para averiguar cu\u00e1ndo fue que naci\u00f3 esta diferencia social; que nos ha convertido en ciudadanas de segunda: con menos derechos; menos ingresos; menos justicia. Con casos concretos de la historia y el presente; deconstruye los mandatos que se presentan como \u00bfnaturales\u00bf y juegan en contra de las mujeres.<\/p>\n\n\n\n<figure class=\"wp-block-image size-large\"><img decoding=\"async\" width=\"724\" height=\"1024\" data-attachment-id=\"69790\" data-permalink=\"https:\/\/eldiariodesanpedro.com.ar\/sitio\/dia-de-la-mujer-trabajadora-el-proximo-domingo-en-la-peatonal\/capacitacion-1\/\" data-orig-file=\"https:\/\/eldiariodesanpedro.com.ar\/sitio\/wp-content\/uploads\/2020\/03\/capacitaci\u00f3n-1.jpg\" data-orig-size=\"1588,2246\" data-comments-opened=\"1\" data-image-meta=\"{&quot;aperture&quot;:&quot;0&quot;,&quot;credit&quot;:&quot;&quot;,&quot;camera&quot;:&quot;&quot;,&quot;caption&quot;:&quot;&quot;,&quot;created_timestamp&quot;:&quot;0&quot;,&quot;copyright&quot;:&quot;&quot;,&quot;focal_length&quot;:&quot;0&quot;,&quot;iso&quot;:&quot;0&quot;,&quot;shutter_speed&quot;:&quot;0&quot;,&quot;title&quot;:&quot;&quot;,&quot;orientation&quot;:&quot;0&quot;}\" data-image-title=\"capacitaci\u00f3n (1)\" data-image-description=\"\" data-image-caption=\"\" data-large-file=\"https:\/\/eldiariodesanpedro.com.ar\/sitio\/wp-content\/uploads\/2020\/03\/capacitaci\u00f3n-1-724x1024.jpg\" data-src=\"https:\/\/eldiariodesanpedro.com.ar\/sitio\/wp-content\/uploads\/2020\/03\/capacitaci\u00f3n-1-724x1024.jpg\" alt=\"\" class=\"wp-image-69790 lazyload\" data-srcset=\"https:\/\/eldiariodesanpedro.com.ar\/sitio\/wp-content\/uploads\/2020\/03\/capacitaci\u00f3n-1-724x1024.jpg 724w, https:\/\/eldiariodesanpedro.com.ar\/sitio\/wp-content\/uploads\/2020\/03\/capacitaci\u00f3n-1-212x300.jpg 212w, https:\/\/eldiariodesanpedro.com.ar\/sitio\/wp-content\/uploads\/2020\/03\/capacitaci\u00f3n-1-768x1086.jpg 768w, https:\/\/eldiariodesanpedro.com.ar\/sitio\/wp-content\/uploads\/2020\/03\/capacitaci\u00f3n-1-1086x1536.jpg 1086w, https:\/\/eldiariodesanpedro.com.ar\/sitio\/wp-content\/uploads\/2020\/03\/capacitaci\u00f3n-1-1448x2048.jpg 1448w, https:\/\/eldiariodesanpedro.com.ar\/sitio\/wp-content\/uploads\/2020\/03\/capacitaci\u00f3n-1.jpg 1588w\" data-sizes=\"(max-width: 724px) 100vw, 724px\" src=\"data:image\/svg+xml;base64,PHN2ZyB3aWR0aD0iMSIgaGVpZ2h0PSIxIiB4bWxucz0iaHR0cDovL3d3dy53My5vcmcvMjAwMC9zdmciPjwvc3ZnPg==\" style=\"--smush-placeholder-width: 724px; --smush-placeholder-aspect-ratio: 724\/1024;\" \/><\/figure>\n\n\n\n<figure class=\"wp-block-image size-large\"><img decoding=\"async\" width=\"724\" height=\"1024\" data-attachment-id=\"69791\" data-permalink=\"https:\/\/eldiariodesanpedro.com.ar\/sitio\/dia-de-la-mujer-trabajadora-el-proximo-domingo-en-la-peatonal\/libro-2\/\" data-orig-file=\"https:\/\/eldiariodesanpedro.com.ar\/sitio\/wp-content\/uploads\/2020\/03\/libro-2.jpg\" data-orig-size=\"1588,2246\" data-comments-opened=\"1\" data-image-meta=\"{&quot;aperture&quot;:&quot;0&quot;,&quot;credit&quot;:&quot;&quot;,&quot;camera&quot;:&quot;&quot;,&quot;caption&quot;:&quot;&quot;,&quot;created_timestamp&quot;:&quot;0&quot;,&quot;copyright&quot;:&quot;&quot;,&quot;focal_length&quot;:&quot;0&quot;,&quot;iso&quot;:&quot;0&quot;,&quot;shutter_speed&quot;:&quot;0&quot;,&quot;title&quot;:&quot;&quot;,&quot;orientation&quot;:&quot;0&quot;}\" data-image-title=\"libro (2)\" data-image-description=\"\" data-image-caption=\"\" data-large-file=\"https:\/\/eldiariodesanpedro.com.ar\/sitio\/wp-content\/uploads\/2020\/03\/libro-2-724x1024.jpg\" data-src=\"https:\/\/eldiariodesanpedro.com.ar\/sitio\/wp-content\/uploads\/2020\/03\/libro-2-724x1024.jpg\" alt=\"\" class=\"wp-image-69791 lazyload\" data-srcset=\"https:\/\/eldiariodesanpedro.com.ar\/sitio\/wp-content\/uploads\/2020\/03\/libro-2-724x1024.jpg 724w, https:\/\/eldiariodesanpedro.com.ar\/sitio\/wp-content\/uploads\/2020\/03\/libro-2-212x300.jpg 212w, https:\/\/eldiariodesanpedro.com.ar\/sitio\/wp-content\/uploads\/2020\/03\/libro-2-768x1086.jpg 768w, https:\/\/eldiariodesanpedro.com.ar\/sitio\/wp-content\/uploads\/2020\/03\/libro-2-1086x1536.jpg 1086w, https:\/\/eldiariodesanpedro.com.ar\/sitio\/wp-content\/uploads\/2020\/03\/libro-2-1448x2048.jpg 1448w, https:\/\/eldiariodesanpedro.com.ar\/sitio\/wp-content\/uploads\/2020\/03\/libro-2.jpg 1588w\" data-sizes=\"(max-width: 724px) 100vw, 724px\" src=\"data:image\/svg+xml;base64,PHN2ZyB3aWR0aD0iMSIgaGVpZ2h0PSIxIiB4bWxucz0iaHR0cDovL3d3dy53My5vcmcvMjAwMC9zdmciPjwvc3ZnPg==\" style=\"--smush-placeholder-width: 724px; --smush-placeholder-aspect-ratio: 724\/1024;\" \/><\/figure>\n","protected":false},"excerpt":{"rendered":"<p>Este domingo 8 de marzo, en el marco de las actividades por el D\u00eda Internacional de la Mujer Trabajadora, la Multisectorial de Mujeres van a estar realizando una radio abierta y marcha, desde Mitre y la Peatonal. Adem\u00e1s se realizar\u00e1n distintas actividades incluidas en el marco de esa semana, incluyendo el Paro Internacional convocado para [&hellip;]<\/p>\n","protected":false},"author":4,"featured_media":69793,"comment_status":"open","ping_status":"closed","sticky":false,"template":"","format":"standard","meta":{"om_disable_all_campaigns":false,"_jetpack_memberships_contains_paid_content":false,"footnotes":""},"categories":[50,101,2],"tags":[],"class_list":["post-69787","post","type-post","status-publish","format-standard","has-post-thumbnail","hentry","category-destacadas","category-interes-general-locales","category-locales"],"aioseo_notices":[],"gutentor_comment":0,"jetpack_featured_media_url":"https:\/\/eldiariodesanpedro.com.ar\/sitio\/wp-content\/uploads\/2020\/03\/53391164_959076924301447_3387014405081268224_o.jpg","jetpack_shortlink":"https:\/\/wp.me\/p6RhLt-i9B","jetpack_sharing_enabled":true,"_links":{"self":[{"href":"https:\/\/eldiariodesanpedro.com.ar\/sitio\/wp-json\/wp\/v2\/posts\/69787","targetHints":{"allow":["GET"]}}],"collection":[{"href":"https:\/\/eldiariodesanpedro.com.ar\/sitio\/wp-json\/wp\/v2\/posts"}],"about":[{"href":"https:\/\/eldiariodesanpedro.com.ar\/sitio\/wp-json\/wp\/v2\/types\/post"}],"author":[{"embeddable":true,"href":"https:\/\/eldiariodesanpedro.com.ar\/sitio\/wp-json\/wp\/v2\/users\/4"}],"replies":[{"embeddable":true,"href":"https:\/\/eldiariodesanpedro.com.ar\/sitio\/wp-json\/wp\/v2\/comments?post=69787"}],"version-history":[{"count":1,"href":"https:\/\/eldiariodesanpedro.com.ar\/sitio\/wp-json\/wp\/v2\/posts\/69787\/revisions"}],"predecessor-version":[{"id":69794,"href":"https:\/\/eldiariodesanpedro.com.ar\/sitio\/wp-json\/wp\/v2\/posts\/69787\/revisions\/69794"}],"wp:featuredmedia":[{"embeddable":true,"href":"https:\/\/eldiariodesanpedro.com.ar\/sitio\/wp-json\/wp\/v2\/media\/69793"}],"wp:attachment":[{"href":"https:\/\/eldiariodesanpedro.com.ar\/sitio\/wp-json\/wp\/v2\/media?parent=69787"}],"wp:term":[{"taxonomy":"category","embeddable":true,"href":"https:\/\/eldiariodesanpedro.com.ar\/sitio\/wp-json\/wp\/v2\/categories?post=69787"},{"taxonomy":"post_tag","embeddable":true,"href":"https:\/\/eldiariodesanpedro.com.ar\/sitio\/wp-json\/wp\/v2\/tags?post=69787"}],"curies":[{"name":"wp","href":"https:\/\/api.w.org\/{rel}","templated":true}]}}