{"id":69783,"date":"2020-03-05T11:36:19","date_gmt":"2020-03-05T14:36:19","guid":{"rendered":"https:\/\/eldiariodesanpedro.com.ar\/sitio\/?p=69783"},"modified":"2020-03-05T11:36:24","modified_gmt":"2020-03-05T14:36:24","slug":"baradero-el-intendente-esteban-sanzio-revoco-la-habilitacion-provisoria-a-la-empresa-fome-s-a","status":"publish","type":"post","link":"https:\/\/eldiariodesanpedro.com.ar\/sitio\/baradero-el-intendente-esteban-sanzio-revoco-la-habilitacion-provisoria-a-la-empresa-fome-s-a\/","title":{"rendered":"BARADERO | El intendente Esteban Sanzio revoc\u00f3 la habilitaci\u00f3n provisoria a la empresa FOME S.A."},"content":{"rendered":"<!-- VideographyWP Plugin Message: Automatic video embedding prevented by plugin options. -->\n\n<p>El intendente Esteban Sanzio&nbsp;&nbsp;hab\u00eda informado su decisi\u00f3n en el discurso brindado en la Apertura de Sesiones Ordinarias 2020 este lunes en el Honorable Concejo Deliberante. El martes mantuvo una reuni\u00f3n con los vecinos autoconvocados respecto de la problem\u00e1tica ambiental en general y la situaci\u00f3n de la empresa FOME en particular para as\u00ed este mi\u00e9rcoles concretar su medida.<\/p>\n\n\n\n<p>Luego de haber analizado los expedientes administrativos y trabajado en conjunto con el Organismo Provincial para el Desarrollo Sostenible (OPDS),&nbsp;&nbsp;el compromiso asumido del intendente Esteban Sanzio se plasm\u00f3 en la Resoluci\u00f3n -de fecha 4 de marzo de 2020- donde, en el marco de la normativa vigente, declara la caducidad de la habilitaci\u00f3n provisoria otorgada a la empresa FOME S.A. Esto implica la prohibici\u00f3n absoluta a esta empresa de realizar cualquier tipo de actividad en el predio donde funcionaba desde el a\u00f1o 2017.<\/p>\n\n\n\n<p>El intendente junto al Secretario de Gobierno, Rodolfo Lacabanne y la\u00a0\u00a0subsecretaria de Medioambiente, Silvina C\u00e1mpora fueron\u00a0\u00a0al predio ubicado en el kil\u00f3metro 145 de la Ruta Nacional N\u00b0 9 a notificar personalmente a las autoridades de la empresa la medida dispuesta.<\/p>\n\n\n\n<p>Fuente. Baradero Te Informa<\/p>\n","protected":false},"excerpt":{"rendered":"<p>El intendente Esteban Sanzio&nbsp;&nbsp;hab\u00eda informado su decisi\u00f3n en el discurso brindado en la Apertura de Sesiones Ordinarias 2020 este lunes en el Honorable Concejo Deliberante. El martes mantuvo una reuni\u00f3n con los vecinos autoconvocados respecto de la problem\u00e1tica ambiental en general y la situaci\u00f3n de la empresa FOME en particular para as\u00ed este mi\u00e9rcoles concretar [&hellip;]<\/p>\n","protected":false},"author":4,"featured_media":69784,"comment_status":"open","ping_status":"closed","sticky":false,"template":"","format":"standard","meta":{"om_disable_all_campaigns":false,"_jetpack_memberships_contains_paid_content":false,"footnotes":""},"categories":[621],"tags":[],"class_list":["post-69783","post","type-post","status-publish","format-standard","has-post-thumbnail","hentry","category-regionales"],"aioseo_notices":[],"gutentor_comment":0,"jetpack_featured_media_url":"https:\/\/eldiariodesanpedro.com.ar\/sitio\/wp-content\/uploads\/2020\/03\/fome-625x420-1.png","jetpack_shortlink":"https:\/\/wp.me\/p6RhLt-i9x","jetpack_sharing_enabled":true,"_links":{"self":[{"href":"https:\/\/eldiariodesanpedro.com.ar\/sitio\/wp-json\/wp\/v2\/posts\/69783","targetHints":{"allow":["GET"]}}],"collection":[{"href":"https:\/\/eldiariodesanpedro.com.ar\/sitio\/wp-json\/wp\/v2\/posts"}],"about":[{"href":"https:\/\/eldiariodesanpedro.com.ar\/sitio\/wp-json\/wp\/v2\/types\/post"}],"author":[{"embeddable":true,"href":"https:\/\/eldiariodesanpedro.com.ar\/sitio\/wp-json\/wp\/v2\/users\/4"}],"replies":[{"embeddable":true,"href":"https:\/\/eldiariodesanpedro.com.ar\/sitio\/wp-json\/wp\/v2\/comments?post=69783"}],"version-history":[{"count":1,"href":"https:\/\/eldiariodesanpedro.com.ar\/sitio\/wp-json\/wp\/v2\/posts\/69783\/revisions"}],"predecessor-version":[{"id":69785,"href":"https:\/\/eldiariodesanpedro.com.ar\/sitio\/wp-json\/wp\/v2\/posts\/69783\/revisions\/69785"}],"wp:featuredmedia":[{"embeddable":true,"href":"https:\/\/eldiariodesanpedro.com.ar\/sitio\/wp-json\/wp\/v2\/media\/69784"}],"wp:attachment":[{"href":"https:\/\/eldiariodesanpedro.com.ar\/sitio\/wp-json\/wp\/v2\/media?parent=69783"}],"wp:term":[{"taxonomy":"category","embeddable":true,"href":"https:\/\/eldiariodesanpedro.com.ar\/sitio\/wp-json\/wp\/v2\/categories?post=69783"},{"taxonomy":"post_tag","embeddable":true,"href":"https:\/\/eldiariodesanpedro.com.ar\/sitio\/wp-json\/wp\/v2\/tags?post=69783"}],"curies":[{"name":"wp","href":"https:\/\/api.w.org\/{rel}","templated":true}]}}