{"id":69780,"date":"2020-03-05T11:25:12","date_gmt":"2020-03-05T14:25:12","guid":{"rendered":"https:\/\/eldiariodesanpedro.com.ar\/sitio\/?p=69780"},"modified":"2020-03-05T11:25:13","modified_gmt":"2020-03-05T14:25:13","slug":"baradero-hablo-la-tia-de-la-joven-manoseada-por-el-enfermero","status":"publish","type":"post","link":"https:\/\/eldiariodesanpedro.com.ar\/sitio\/baradero-hablo-la-tia-de-la-joven-manoseada-por-el-enfermero\/","title":{"rendered":"BARADERO | Hablo la t\u00eda de la joven manoseada por el enfermero"},"content":{"rendered":"<!-- VideographyWP Plugin Message: Automatic video embedding prevented by plugin options. -->\n\n<p>Maria, t\u00eda de la joven de 20 a\u00f1os, cont\u00f3 a Tu Radio que \u201csu sobrina se comunic\u00f3 con ella para que se acerque al hospital porque el enfermero hab\u00eda intentado abusar de ella y su padre estaba muy alterado\u201d.<\/p>\n\n\n\n<p> La joven era cuidada por su t\u00eda quien sali\u00f3 a realizar las compras, durante ese tiempo la joven denuncia que el enfermero ingreso a la habitaci\u00f3n a darle una medicaci\u00f3n fuera de su horario e intenta darle un beso, ella lo corre y cuando \u00e9l le dice que le quiere tomar la temperatura intenta tocarla.<br> La joven fue llevada a su casa realizando la denuncia en la comisaria de la mujer donde fue atendida por un grupo de profesionales.<\/p>\n\n\n\n<p> La mujer recibi\u00f3 el llamado de la joven la tarde del domingo cuando transcurrieron los hechos. La chica de 20 a\u00f1os estaba internada en el Hospital Lino Pi\u00f1eiro por un problema de salud que la familia no quiso revelar.<\/p>\n\n\n\n<p> Los familiares se hicieron presentes en el nosocomio para exigir que se aparte del cargo al enfermero, decisi\u00f3n que se tom\u00f3 24 horas despu\u00e9s.<\/p>\n\n\n\n<p> \u201cMi sobrina no es enferma psiquiatrica. Ella tuvo un problema de salud y la internaron. Pero ella no es una persona que est\u00e9 medicada. Escuch\u00e9 al Director del Hospital hablar y me daba la sensaci\u00f3n que con esa excusa quer\u00edan tapar lo que hab\u00eda ocurrido\u201d, relat\u00f3 Mar\u00eda en di\u00e1logo exclusivo con Tu Radio. <\/p>\n\n\n\n<p>Fuente: Tu Linea Directa<\/p>\n","protected":false},"excerpt":{"rendered":"<p>Maria, t\u00eda de la joven de 20 a\u00f1os, cont\u00f3 a Tu Radio que \u201csu sobrina se comunic\u00f3 con ella para que se acerque al hospital porque el enfermero hab\u00eda intentado abusar de ella y su padre estaba muy alterado\u201d. La joven era cuidada por su t\u00eda quien sali\u00f3 a realizar las compras, durante ese tiempo [&hellip;]<\/p>\n","protected":false},"author":4,"featured_media":69781,"comment_status":"open","ping_status":"closed","sticky":false,"template":"","format":"standard","meta":{"om_disable_all_campaigns":false,"_jetpack_memberships_contains_paid_content":false,"footnotes":""},"categories":[621],"tags":[],"class_list":["post-69780","post","type-post","status-publish","format-standard","has-post-thumbnail","hentry","category-regionales"],"aioseo_notices":[],"gutentor_comment":0,"jetpack_featured_media_url":"https:\/\/eldiariodesanpedro.com.ar\/sitio\/wp-content\/uploads\/2020\/03\/65179-1.jpg","jetpack_shortlink":"https:\/\/wp.me\/p6RhLt-i9u","jetpack_sharing_enabled":true,"_links":{"self":[{"href":"https:\/\/eldiariodesanpedro.com.ar\/sitio\/wp-json\/wp\/v2\/posts\/69780","targetHints":{"allow":["GET"]}}],"collection":[{"href":"https:\/\/eldiariodesanpedro.com.ar\/sitio\/wp-json\/wp\/v2\/posts"}],"about":[{"href":"https:\/\/eldiariodesanpedro.com.ar\/sitio\/wp-json\/wp\/v2\/types\/post"}],"author":[{"embeddable":true,"href":"https:\/\/eldiariodesanpedro.com.ar\/sitio\/wp-json\/wp\/v2\/users\/4"}],"replies":[{"embeddable":true,"href":"https:\/\/eldiariodesanpedro.com.ar\/sitio\/wp-json\/wp\/v2\/comments?post=69780"}],"version-history":[{"count":1,"href":"https:\/\/eldiariodesanpedro.com.ar\/sitio\/wp-json\/wp\/v2\/posts\/69780\/revisions"}],"predecessor-version":[{"id":69782,"href":"https:\/\/eldiariodesanpedro.com.ar\/sitio\/wp-json\/wp\/v2\/posts\/69780\/revisions\/69782"}],"wp:featuredmedia":[{"embeddable":true,"href":"https:\/\/eldiariodesanpedro.com.ar\/sitio\/wp-json\/wp\/v2\/media\/69781"}],"wp:attachment":[{"href":"https:\/\/eldiariodesanpedro.com.ar\/sitio\/wp-json\/wp\/v2\/media?parent=69780"}],"wp:term":[{"taxonomy":"category","embeddable":true,"href":"https:\/\/eldiariodesanpedro.com.ar\/sitio\/wp-json\/wp\/v2\/categories?post=69780"},{"taxonomy":"post_tag","embeddable":true,"href":"https:\/\/eldiariodesanpedro.com.ar\/sitio\/wp-json\/wp\/v2\/tags?post=69780"}],"curies":[{"name":"wp","href":"https:\/\/api.w.org\/{rel}","templated":true}]}}