{"id":69777,"date":"2020-03-05T11:20:15","date_gmt":"2020-03-05T14:20:15","guid":{"rendered":"https:\/\/eldiariodesanpedro.com.ar\/sitio\/?p=69777"},"modified":"2020-03-05T11:20:18","modified_gmt":"2020-03-05T14:20:18","slug":"zarate-identificaron-al-hombre-asesinado-en-barrio-la-ilusion","status":"publish","type":"post","link":"https:\/\/eldiariodesanpedro.com.ar\/sitio\/zarate-identificaron-al-hombre-asesinado-en-barrio-la-ilusion\/","title":{"rendered":"Z\u00c1RATE | Identificaron al hombre asesinado en barrio La Ilusi\u00f3n"},"content":{"rendered":"<!-- VideographyWP Plugin Message: Automatic video embedding prevented by plugin options. -->\n\n<p>Este mi\u00e9rcoles por la noche se produjo un homicidio en barrio La Ilusi\u00f3n de Z\u00e1rate, en Pasaje Norte y calle 26.<\/p>\n\n\n\n<p> Un hombre de 45 a\u00f1os, identificado como Hugo Andr\u00e9s Ram\u00edrez, fue asesinado de un disparo en el t\u00f3rax en lo que habr\u00edq sido un ajuste de cuentas por drogas, seg\u00fan indican las primeras declaraciones obtenidas. La v\u00edctima muri\u00f3 camino al hospital mientras que el agresor huy\u00f3 del lugar.<\/p>\n\n\n\n<p> En la vivienda ya se hizo presente Polic\u00eda Cient\u00edfica para realizar los peritajes correspondientes. Se secuestr\u00f3 un arma de fuego, un rev\u00f3lver calibre 22 largo.<\/p>\n\n\n\n<p> El Gabinete Criminol\u00f3gico junto a DDI Z\u00e1rate &#8211; Campana trabajan para dar con el paradero del agresor.<\/p>\n\n\n\n<p> Fuente: Enlace Critico<\/p>\n","protected":false},"excerpt":{"rendered":"<p>Este mi\u00e9rcoles por la noche se produjo un homicidio en barrio La Ilusi\u00f3n de Z\u00e1rate, en Pasaje Norte y calle 26. Un hombre de 45 a\u00f1os, identificado como Hugo Andr\u00e9s Ram\u00edrez, fue asesinado de un disparo en el t\u00f3rax en lo que habr\u00edq sido un ajuste de cuentas por drogas, seg\u00fan indican las primeras declaraciones [&hellip;]<\/p>\n","protected":false},"author":4,"featured_media":69778,"comment_status":"open","ping_status":"closed","sticky":false,"template":"","format":"standard","meta":{"om_disable_all_campaigns":false,"_jetpack_memberships_contains_paid_content":false,"footnotes":""},"categories":[621],"tags":[],"class_list":["post-69777","post","type-post","status-publish","format-standard","has-post-thumbnail","hentry","category-regionales"],"aioseo_notices":[],"gutentor_comment":0,"jetpack_featured_media_url":"https:\/\/eldiariodesanpedro.com.ar\/sitio\/wp-content\/uploads\/2020\/03\/IMG_20200305_000659.jpg","jetpack_shortlink":"https:\/\/wp.me\/p6RhLt-i9r","jetpack_sharing_enabled":true,"_links":{"self":[{"href":"https:\/\/eldiariodesanpedro.com.ar\/sitio\/wp-json\/wp\/v2\/posts\/69777","targetHints":{"allow":["GET"]}}],"collection":[{"href":"https:\/\/eldiariodesanpedro.com.ar\/sitio\/wp-json\/wp\/v2\/posts"}],"about":[{"href":"https:\/\/eldiariodesanpedro.com.ar\/sitio\/wp-json\/wp\/v2\/types\/post"}],"author":[{"embeddable":true,"href":"https:\/\/eldiariodesanpedro.com.ar\/sitio\/wp-json\/wp\/v2\/users\/4"}],"replies":[{"embeddable":true,"href":"https:\/\/eldiariodesanpedro.com.ar\/sitio\/wp-json\/wp\/v2\/comments?post=69777"}],"version-history":[{"count":1,"href":"https:\/\/eldiariodesanpedro.com.ar\/sitio\/wp-json\/wp\/v2\/posts\/69777\/revisions"}],"predecessor-version":[{"id":69779,"href":"https:\/\/eldiariodesanpedro.com.ar\/sitio\/wp-json\/wp\/v2\/posts\/69777\/revisions\/69779"}],"wp:featuredmedia":[{"embeddable":true,"href":"https:\/\/eldiariodesanpedro.com.ar\/sitio\/wp-json\/wp\/v2\/media\/69778"}],"wp:attachment":[{"href":"https:\/\/eldiariodesanpedro.com.ar\/sitio\/wp-json\/wp\/v2\/media?parent=69777"}],"wp:term":[{"taxonomy":"category","embeddable":true,"href":"https:\/\/eldiariodesanpedro.com.ar\/sitio\/wp-json\/wp\/v2\/categories?post=69777"},{"taxonomy":"post_tag","embeddable":true,"href":"https:\/\/eldiariodesanpedro.com.ar\/sitio\/wp-json\/wp\/v2\/tags?post=69777"}],"curies":[{"name":"wp","href":"https:\/\/api.w.org\/{rel}","templated":true}]}}