{"id":69773,"date":"2020-03-05T11:16:57","date_gmt":"2020-03-05T14:16:57","guid":{"rendered":"https:\/\/eldiariodesanpedro.com.ar\/sitio\/?p=69773"},"modified":"2020-03-05T11:17:04","modified_gmt":"2020-03-05T14:17:04","slug":"zarate-se-busca-el-paradero-de-maite-alejandra-alvarez-de-14-anos","status":"publish","type":"post","link":"https:\/\/eldiariodesanpedro.com.ar\/sitio\/zarate-se-busca-el-paradero-de-maite-alejandra-alvarez-de-14-anos\/","title":{"rendered":"Z\u00c1RATE | Se busca el paradero de Mait\u00e9 Alejandra \u00c1lvarez de 14 a\u00f1os"},"content":{"rendered":"<!-- VideographyWP Plugin Message: Automatic video embedding prevented by plugin options. -->\n\n<p>Mait\u00e9 Alejandra \u00c1lvarez de 14 a\u00f1os se ausent\u00f3 de su domicilio en calle C\u00f3rdoba al 1300 de Z\u00e1rate, pasada la media noche de este jueves.<br> En el momento de su desaparici\u00f3n vest\u00eda una remera blanca a la altura del ombligo, pantal\u00f3n de color negro y una mochila del mismo tono, tiene celular y es f\u00edsicamente robusta, de 1.53 mts aproximadamente, de tez morocha, de pelo a la altura de los hombros de color rojo, lacio. No tiene tatuajes.<\/p>\n\n\n\n<p> Qui\u00e9n la haya visto, sepa a donde est\u00e1 o tengan alg\u00fan dato sobre su paradero, por favor, comunicarse al 911 o con Comisar\u00eda 1era. de Z\u00e1rate (03487-422222 \/ 422666)<\/p>\n\n\n\n<p>Fuente: Enlace Critico<\/p>\n","protected":false},"excerpt":{"rendered":"<p>Mait\u00e9 Alejandra \u00c1lvarez de 14 a\u00f1os se ausent\u00f3 de su domicilio en calle C\u00f3rdoba al 1300 de Z\u00e1rate, pasada la media noche de este jueves. En el momento de su desaparici\u00f3n vest\u00eda una remera blanca a la altura del ombligo, pantal\u00f3n de color negro y una mochila del mismo tono, tiene celular y es f\u00edsicamente [&hellip;]<\/p>\n","protected":false},"author":4,"featured_media":69775,"comment_status":"open","ping_status":"closed","sticky":false,"template":"","format":"standard","meta":{"om_disable_all_campaigns":false,"_jetpack_memberships_contains_paid_content":false,"footnotes":""},"categories":[621],"tags":[],"class_list":["post-69773","post","type-post","status-publish","format-standard","has-post-thumbnail","hentry","category-regionales"],"aioseo_notices":[],"gutentor_comment":0,"jetpack_featured_media_url":"https:\/\/eldiariodesanpedro.com.ar\/sitio\/wp-content\/uploads\/2020\/03\/PAGINA-6-UNOjpg.jpg","jetpack_shortlink":"https:\/\/wp.me\/p6RhLt-i9n","jetpack_sharing_enabled":true,"_links":{"self":[{"href":"https:\/\/eldiariodesanpedro.com.ar\/sitio\/wp-json\/wp\/v2\/posts\/69773","targetHints":{"allow":["GET"]}}],"collection":[{"href":"https:\/\/eldiariodesanpedro.com.ar\/sitio\/wp-json\/wp\/v2\/posts"}],"about":[{"href":"https:\/\/eldiariodesanpedro.com.ar\/sitio\/wp-json\/wp\/v2\/types\/post"}],"author":[{"embeddable":true,"href":"https:\/\/eldiariodesanpedro.com.ar\/sitio\/wp-json\/wp\/v2\/users\/4"}],"replies":[{"embeddable":true,"href":"https:\/\/eldiariodesanpedro.com.ar\/sitio\/wp-json\/wp\/v2\/comments?post=69773"}],"version-history":[{"count":1,"href":"https:\/\/eldiariodesanpedro.com.ar\/sitio\/wp-json\/wp\/v2\/posts\/69773\/revisions"}],"predecessor-version":[{"id":69776,"href":"https:\/\/eldiariodesanpedro.com.ar\/sitio\/wp-json\/wp\/v2\/posts\/69773\/revisions\/69776"}],"wp:featuredmedia":[{"embeddable":true,"href":"https:\/\/eldiariodesanpedro.com.ar\/sitio\/wp-json\/wp\/v2\/media\/69775"}],"wp:attachment":[{"href":"https:\/\/eldiariodesanpedro.com.ar\/sitio\/wp-json\/wp\/v2\/media?parent=69773"}],"wp:term":[{"taxonomy":"category","embeddable":true,"href":"https:\/\/eldiariodesanpedro.com.ar\/sitio\/wp-json\/wp\/v2\/categories?post=69773"},{"taxonomy":"post_tag","embeddable":true,"href":"https:\/\/eldiariodesanpedro.com.ar\/sitio\/wp-json\/wp\/v2\/tags?post=69773"}],"curies":[{"name":"wp","href":"https:\/\/api.w.org\/{rel}","templated":true}]}}