{"id":69770,"date":"2020-03-05T11:39:00","date_gmt":"2020-03-05T14:39:00","guid":{"rendered":"https:\/\/eldiariodesanpedro.com.ar\/sitio\/?p=69770"},"modified":"2020-03-05T11:48:38","modified_gmt":"2020-03-05T14:48:38","slug":"damian-mosqueraal-frente-de-anses","status":"publish","type":"post","link":"https:\/\/eldiariodesanpedro.com.ar\/sitio\/damian-mosqueraal-frente-de-anses\/","title":{"rendered":"Damian Mosquera al frente de ANSES"},"content":{"rendered":"<!-- VideographyWP Plugin Message: Automatic video embedding prevented by plugin options. -->\n\n<p>Este mi\u00e9rcoles fue confirmado Dami\u00e1n Mosquera como flamante jefe de la Udai San Pedro.\u00a0 <\/p>\n\n\n\n<p>Despu\u00e9s de varios d\u00edas de incertidumbre, el ex consejal asume este jueves en lugar de la Dr Monica Otega.<\/p>\n\n\n\n<p>Por los movimientos pol\u00edticos advertidos desde la campa\u00f1a del a\u00f1o pasado eran varios los nombres que circularon para quedar a cargo de la dependencia pero es cierto que a muy pocos se les hab\u00eda ocurrido pensar en el ex concejal ya que aparec\u00eda m\u00e1s lejos que cerca del oficialismo actual, pero esto es pol\u00edtica y Mosquera le gan\u00f3 la pulseada a varios referentes que se frotaban las manos ilusionados con llegar a esa funci\u00f3n.\u00a0<\/p>\n\n\n\n<p>El flamante funcionario asumir\u00e1 este jueves y r\u00e1pidamente se har\u00e1 cargo de la dependencia.&nbsp;&nbsp;<\/p>\n","protected":false},"excerpt":{"rendered":"<p>Este mi\u00e9rcoles fue confirmado Dami\u00e1n Mosquera como flamante jefe de la Udai San Pedro.\u00a0 Despu\u00e9s de varios d\u00edas de incertidumbre, el ex consejal asume este jueves en lugar de la Dr Monica Otega. Por los movimientos pol\u00edticos advertidos desde la campa\u00f1a del a\u00f1o pasado eran varios los nombres que circularon para quedar a cargo de [&hellip;]<\/p>\n","protected":false},"author":4,"featured_media":69774,"comment_status":"open","ping_status":"closed","sticky":false,"template":"","format":"standard","meta":{"om_disable_all_campaigns":false,"_jetpack_memberships_contains_paid_content":false,"footnotes":""},"categories":[50,101,2],"tags":[],"class_list":["post-69770","post","type-post","status-publish","format-standard","has-post-thumbnail","hentry","category-destacadas","category-interes-general-locales","category-locales"],"aioseo_notices":[],"gutentor_comment":0,"jetpack_featured_media_url":"https:\/\/eldiariodesanpedro.com.ar\/sitio\/wp-content\/uploads\/2020\/03\/78987630_10219736712943517_3437560380539273216_o.jpg","jetpack_shortlink":"https:\/\/wp.me\/p6RhLt-i9k","jetpack_sharing_enabled":true,"_links":{"self":[{"href":"https:\/\/eldiariodesanpedro.com.ar\/sitio\/wp-json\/wp\/v2\/posts\/69770","targetHints":{"allow":["GET"]}}],"collection":[{"href":"https:\/\/eldiariodesanpedro.com.ar\/sitio\/wp-json\/wp\/v2\/posts"}],"about":[{"href":"https:\/\/eldiariodesanpedro.com.ar\/sitio\/wp-json\/wp\/v2\/types\/post"}],"author":[{"embeddable":true,"href":"https:\/\/eldiariodesanpedro.com.ar\/sitio\/wp-json\/wp\/v2\/users\/4"}],"replies":[{"embeddable":true,"href":"https:\/\/eldiariodesanpedro.com.ar\/sitio\/wp-json\/wp\/v2\/comments?post=69770"}],"version-history":[{"count":2,"href":"https:\/\/eldiariodesanpedro.com.ar\/sitio\/wp-json\/wp\/v2\/posts\/69770\/revisions"}],"predecessor-version":[{"id":69789,"href":"https:\/\/eldiariodesanpedro.com.ar\/sitio\/wp-json\/wp\/v2\/posts\/69770\/revisions\/69789"}],"wp:featuredmedia":[{"embeddable":true,"href":"https:\/\/eldiariodesanpedro.com.ar\/sitio\/wp-json\/wp\/v2\/media\/69774"}],"wp:attachment":[{"href":"https:\/\/eldiariodesanpedro.com.ar\/sitio\/wp-json\/wp\/v2\/media?parent=69770"}],"wp:term":[{"taxonomy":"category","embeddable":true,"href":"https:\/\/eldiariodesanpedro.com.ar\/sitio\/wp-json\/wp\/v2\/categories?post=69770"},{"taxonomy":"post_tag","embeddable":true,"href":"https:\/\/eldiariodesanpedro.com.ar\/sitio\/wp-json\/wp\/v2\/tags?post=69770"}],"curies":[{"name":"wp","href":"https:\/\/api.w.org\/{rel}","templated":true}]}}