{"id":69767,"date":"2020-03-05T11:14:14","date_gmt":"2020-03-05T14:14:14","guid":{"rendered":"https:\/\/eldiariodesanpedro.com.ar\/sitio\/?p=69767"},"modified":"2020-03-05T11:14:15","modified_gmt":"2020-03-05T14:14:15","slug":"san-nicolas-encontraron-elementos-de-la-policia-en-un-allanamiento","status":"publish","type":"post","link":"https:\/\/eldiariodesanpedro.com.ar\/sitio\/san-nicolas-encontraron-elementos-de-la-policia-en-un-allanamiento\/","title":{"rendered":"SAN NICOL\u00c1S | Encontraron elementos de la polic\u00eda en un allanamiento"},"content":{"rendered":"<!-- VideographyWP Plugin Message: Automatic video embedding prevented by plugin options. -->\n\n<p>En las \u00faltimas horas, personal policial realiz\u00f3 un allanamiento en el marco de una investigaci\u00f3n por Amenazas Calificadas, en jurisdicci\u00f3n de la Comisar\u00eda Tercera.<\/p>\n\n\n\n<p> La diligencia se concret\u00f3 en calle Chopin entre Moreno e Islas Malvinas. En el lugar, secuestraron una r\u00e9plica de pistola de metal, calibre 4.5 a gas y adem\u00e1s, encontraron correajes y cartucher\u00eda de polic\u00eda; prendas de vestir; cuchillo; un escudo de polic\u00eda de Paran\u00e1; y una sopladora marca Black and Decker.<\/p>\n\n\n\n<p> El morador de la vivienda e investigado por la causa, fue aprehendido. Se trata de Maximiliano Acosta de 22 a\u00f1os quien qued\u00f3 imputado por Amenazas Calificadas y Averiguaci\u00f3n de Il\u00edcito.<br> Fuente: Diario El Informante<\/p>\n","protected":false},"excerpt":{"rendered":"<p>En las \u00faltimas horas, personal policial realiz\u00f3 un allanamiento en el marco de una investigaci\u00f3n por Amenazas Calificadas, en jurisdicci\u00f3n de la Comisar\u00eda Tercera. La diligencia se concret\u00f3 en calle Chopin entre Moreno e Islas Malvinas. En el lugar, secuestraron una r\u00e9plica de pistola de metal, calibre 4.5 a gas y adem\u00e1s, encontraron correajes y [&hellip;]<\/p>\n","protected":false},"author":4,"featured_media":69771,"comment_status":"open","ping_status":"closed","sticky":false,"template":"","format":"standard","meta":{"om_disable_all_campaigns":false,"_jetpack_memberships_contains_paid_content":false,"footnotes":""},"categories":[621],"tags":[],"class_list":["post-69767","post","type-post","status-publish","format-standard","has-post-thumbnail","hentry","category-regionales"],"aioseo_notices":[],"gutentor_comment":0,"jetpack_featured_media_url":"https:\/\/eldiariodesanpedro.com.ar\/sitio\/wp-content\/uploads\/2020\/03\/conmarca24991.jpg","jetpack_shortlink":"https:\/\/wp.me\/p6RhLt-i9h","jetpack_sharing_enabled":true,"_links":{"self":[{"href":"https:\/\/eldiariodesanpedro.com.ar\/sitio\/wp-json\/wp\/v2\/posts\/69767","targetHints":{"allow":["GET"]}}],"collection":[{"href":"https:\/\/eldiariodesanpedro.com.ar\/sitio\/wp-json\/wp\/v2\/posts"}],"about":[{"href":"https:\/\/eldiariodesanpedro.com.ar\/sitio\/wp-json\/wp\/v2\/types\/post"}],"author":[{"embeddable":true,"href":"https:\/\/eldiariodesanpedro.com.ar\/sitio\/wp-json\/wp\/v2\/users\/4"}],"replies":[{"embeddable":true,"href":"https:\/\/eldiariodesanpedro.com.ar\/sitio\/wp-json\/wp\/v2\/comments?post=69767"}],"version-history":[{"count":1,"href":"https:\/\/eldiariodesanpedro.com.ar\/sitio\/wp-json\/wp\/v2\/posts\/69767\/revisions"}],"predecessor-version":[{"id":69772,"href":"https:\/\/eldiariodesanpedro.com.ar\/sitio\/wp-json\/wp\/v2\/posts\/69767\/revisions\/69772"}],"wp:featuredmedia":[{"embeddable":true,"href":"https:\/\/eldiariodesanpedro.com.ar\/sitio\/wp-json\/wp\/v2\/media\/69771"}],"wp:attachment":[{"href":"https:\/\/eldiariodesanpedro.com.ar\/sitio\/wp-json\/wp\/v2\/media?parent=69767"}],"wp:term":[{"taxonomy":"category","embeddable":true,"href":"https:\/\/eldiariodesanpedro.com.ar\/sitio\/wp-json\/wp\/v2\/categories?post=69767"},{"taxonomy":"post_tag","embeddable":true,"href":"https:\/\/eldiariodesanpedro.com.ar\/sitio\/wp-json\/wp\/v2\/tags?post=69767"}],"curies":[{"name":"wp","href":"https:\/\/api.w.org\/{rel}","templated":true}]}}