{"id":69763,"date":"2020-03-05T11:11:16","date_gmt":"2020-03-05T14:11:16","guid":{"rendered":"https:\/\/eldiariodesanpedro.com.ar\/sitio\/?p=69763"},"modified":"2020-03-05T11:11:22","modified_gmt":"2020-03-05T14:11:22","slug":"prear-30-despidos-en-rio-tala","status":"publish","type":"post","link":"https:\/\/eldiariodesanpedro.com.ar\/sitio\/prear-30-despidos-en-rio-tala\/","title":{"rendered":"PREAR: 30 despidos en R\u00edo Tala"},"content":{"rendered":"<!-- VideographyWP Plugin Message: Automatic video embedding prevented by plugin options. -->\n\n<p> \u00abLa misma gente ve que no est\u00e1n los materiales y que no hay trabajo, pero los compa\u00f1eros saben que van a cobrar su liquidaci\u00f3n completa\u00bb, aseguro Azzoni, Secretario General de UOCRA.<\/p>\n\n\n\n<p>Crece la crisis en el sector de la construcci\u00f3n y la f\u00e1brica PREAR que se encuentra en la localidad vecina no pudo sostener m\u00e1s la triste situaci\u00f3n.<br><\/p>\n\n\n\n<p>Treinta empleados fueron despedidos, los cuales desde hace unos meses cumplian horas realizando obras chicas o tareas de limpieza.<\/p>\n\n\n\n<p>El titular de UOCRA San Pedro, Horacio Azzoni, se refiri\u00f3 a la situaci\u00f3n econ\u00f3mica que se est\u00e1 viviendo a nivel local, provincial y nacional. Asegur\u00f3 que, \u00abestamos afrontando la situaci\u00f3n, con los dirigentes estamos al frente y le vamos a seguir dando batalla\u00bb.<br><\/p>\n\n\n\n<p>\u00abLa gente ven\u00eda perdiendo mucho con el tema de las suspensiones, en asamblea acordamos que cuando se reactive la planta los vuelvan a tomar, es una posibilidad muy cercana, pero los mismos trabajadores ven que no est\u00e1n los materiales y que no hay trabajo\u00bb<\/p>\n\n\n\n<p>\u00abLo que si voy acalarar es que los compa\u00f1eros van a cobrar su liquidaci\u00f3n completa\u00bb.<\/p>\n\n\n\n<p>Por \u00faltimo cont\u00f3 que para junio o julio es muy probable que la termoel\u00e9ctrica y el molino de la empresa COTO se reactiven, \u00abser\u00e1n unas 800 fuentes de trabajo\u00bb.<\/p>\n","protected":false},"excerpt":{"rendered":"<p>\u00abLa misma gente ve que no est\u00e1n los materiales y que no hay trabajo, pero los compa\u00f1eros saben que van a cobrar su liquidaci\u00f3n completa\u00bb, aseguro Azzoni, Secretario General de UOCRA. Crece la crisis en el sector de la construcci\u00f3n y la f\u00e1brica PREAR que se encuentra en la localidad vecina no pudo sostener m\u00e1s [&hellip;]<\/p>\n","protected":false},"author":4,"featured_media":69768,"comment_status":"open","ping_status":"closed","sticky":false,"template":"","format":"standard","meta":{"om_disable_all_campaigns":false,"_jetpack_memberships_contains_paid_content":false,"footnotes":""},"categories":[50,101,2],"tags":[],"class_list":["post-69763","post","type-post","status-publish","format-standard","has-post-thumbnail","hentry","category-destacadas","category-interes-general-locales","category-locales"],"aioseo_notices":[],"gutentor_comment":0,"jetpack_featured_media_url":"https:\/\/eldiariodesanpedro.com.ar\/sitio\/wp-content\/uploads\/2020\/03\/17097721_1534678886572315_4233025435488058281_o.jpg","jetpack_shortlink":"https:\/\/wp.me\/p6RhLt-i9d","jetpack_sharing_enabled":true,"_links":{"self":[{"href":"https:\/\/eldiariodesanpedro.com.ar\/sitio\/wp-json\/wp\/v2\/posts\/69763","targetHints":{"allow":["GET"]}}],"collection":[{"href":"https:\/\/eldiariodesanpedro.com.ar\/sitio\/wp-json\/wp\/v2\/posts"}],"about":[{"href":"https:\/\/eldiariodesanpedro.com.ar\/sitio\/wp-json\/wp\/v2\/types\/post"}],"author":[{"embeddable":true,"href":"https:\/\/eldiariodesanpedro.com.ar\/sitio\/wp-json\/wp\/v2\/users\/4"}],"replies":[{"embeddable":true,"href":"https:\/\/eldiariodesanpedro.com.ar\/sitio\/wp-json\/wp\/v2\/comments?post=69763"}],"version-history":[{"count":1,"href":"https:\/\/eldiariodesanpedro.com.ar\/sitio\/wp-json\/wp\/v2\/posts\/69763\/revisions"}],"predecessor-version":[{"id":69769,"href":"https:\/\/eldiariodesanpedro.com.ar\/sitio\/wp-json\/wp\/v2\/posts\/69763\/revisions\/69769"}],"wp:featuredmedia":[{"embeddable":true,"href":"https:\/\/eldiariodesanpedro.com.ar\/sitio\/wp-json\/wp\/v2\/media\/69768"}],"wp:attachment":[{"href":"https:\/\/eldiariodesanpedro.com.ar\/sitio\/wp-json\/wp\/v2\/media?parent=69763"}],"wp:term":[{"taxonomy":"category","embeddable":true,"href":"https:\/\/eldiariodesanpedro.com.ar\/sitio\/wp-json\/wp\/v2\/categories?post=69763"},{"taxonomy":"post_tag","embeddable":true,"href":"https:\/\/eldiariodesanpedro.com.ar\/sitio\/wp-json\/wp\/v2\/tags?post=69763"}],"curies":[{"name":"wp","href":"https:\/\/api.w.org\/{rel}","templated":true}]}}