{"id":69760,"date":"2020-03-05T09:42:15","date_gmt":"2020-03-05T12:42:15","guid":{"rendered":"https:\/\/eldiariodesanpedro.com.ar\/sitio\/?p=69760"},"modified":"2020-03-05T09:42:16","modified_gmt":"2020-03-05T12:42:16","slug":"coordinacion-de-hospitales-y-sanatorios-para-recibir-pacientes-con-sintomas-de-coronavirus","status":"publish","type":"post","link":"https:\/\/eldiariodesanpedro.com.ar\/sitio\/coordinacion-de-hospitales-y-sanatorios-para-recibir-pacientes-con-sintomas-de-coronavirus\/","title":{"rendered":"Coordinaci\u00f3n de hospitales y sanatorios para recibir pacientes con s\u00edntomas de Coronavirus"},"content":{"rendered":"<!-- VideographyWP Plugin Message: Automatic video embedding prevented by plugin options. -->\n\n<p> El Secretario de Salud Guillermo Sancho, la Presidente del C\u00edrculo M\u00e9dico Liliana Dold\u00e1n, directores m\u00e9dicos y representantes de los laboratorios de los cinco efectores de salud que cuentan con servicio de internaci\u00f3n, p\u00fablicos y privados, se reunieron el mi\u00e9rcoles por la noche para coordinar acciones conjuntas y uniformes, ante la posible presentaci\u00f3n de pacientes con s\u00edntomas de Coronavirus.<\/p>\n\n\n\n<p>De acuerdo al panorama actual de la enfermedad en el pa\u00eds\u00a0<strong>sin casos aut\u00f3ctonos<\/strong>, la estrategia se concentra en disponer el mismo protocolo de trabajo en todos los establecimientos.<\/p>\n\n\n\n<p><strong>Los pacientes que presenten los s\u00edntomas compatibles, entre los que se destacan fiebre, resfr\u00edo y dificultades respiratorias, y que hayan registrado un viaje reciente a las zonas en las que se han producido casos aut\u00f3ctonos de Coronavirus, deber\u00e1n presentarse en las guardias del Hospital San Pedro, Cl\u00ednica San Pedro, Sanatorio Coopser, Hospital de Santa Luc\u00eda u Hospital de Gobernador Castro.<\/strong><\/p>\n\n\n\n<p>Es importante transmitir a la comunidad absoluta tranquilidad con relaci\u00f3n a este tema, reiterar que la informaci\u00f3n preventiva que abunda en todos los canales de informaci\u00f3n es muy importante y\u00a0<strong>destacar que tanto en los hospitales, como los centros privados, ya se han dispuesto los procedimientos internos adecuados y la provisi\u00f3n de insumos para poder atender los potenciales casos.<\/strong><\/p>\n\n\n\n<p><br>En los pr\u00f3ximos d\u00edas se anunciar\u00e1n otras acciones conjuntas apuntadas a la prevenci\u00f3n, no s\u00f3lo de esta enfermedad sino tambi\u00e9n de otras que estacionalmente generan preocupaci\u00f3n y que deben ser atendidas con especial consideraci\u00f3n. <\/p>\n","protected":false},"excerpt":{"rendered":"<p>El Secretario de Salud Guillermo Sancho, la Presidente del C\u00edrculo M\u00e9dico Liliana Dold\u00e1n, directores m\u00e9dicos y representantes de los laboratorios de los cinco efectores de salud que cuentan con servicio de internaci\u00f3n, p\u00fablicos y privados, se reunieron el mi\u00e9rcoles por la noche para coordinar acciones conjuntas y uniformes, ante la posible presentaci\u00f3n de pacientes con [&hellip;]<\/p>\n","protected":false},"author":4,"featured_media":69761,"comment_status":"open","ping_status":"closed","sticky":false,"template":"","format":"standard","meta":{"om_disable_all_campaigns":false,"_jetpack_memberships_contains_paid_content":false,"footnotes":""},"categories":[50,101,2],"tags":[],"class_list":["post-69760","post","type-post","status-publish","format-standard","has-post-thumbnail","hentry","category-destacadas","category-interes-general-locales","category-locales"],"aioseo_notices":[],"gutentor_comment":0,"jetpack_featured_media_url":"https:\/\/eldiariodesanpedro.com.ar\/sitio\/wp-content\/uploads\/2020\/03\/Coronavirus_reunion01-1.jpg","jetpack_shortlink":"https:\/\/wp.me\/p6RhLt-i9a","jetpack_sharing_enabled":true,"_links":{"self":[{"href":"https:\/\/eldiariodesanpedro.com.ar\/sitio\/wp-json\/wp\/v2\/posts\/69760","targetHints":{"allow":["GET"]}}],"collection":[{"href":"https:\/\/eldiariodesanpedro.com.ar\/sitio\/wp-json\/wp\/v2\/posts"}],"about":[{"href":"https:\/\/eldiariodesanpedro.com.ar\/sitio\/wp-json\/wp\/v2\/types\/post"}],"author":[{"embeddable":true,"href":"https:\/\/eldiariodesanpedro.com.ar\/sitio\/wp-json\/wp\/v2\/users\/4"}],"replies":[{"embeddable":true,"href":"https:\/\/eldiariodesanpedro.com.ar\/sitio\/wp-json\/wp\/v2\/comments?post=69760"}],"version-history":[{"count":1,"href":"https:\/\/eldiariodesanpedro.com.ar\/sitio\/wp-json\/wp\/v2\/posts\/69760\/revisions"}],"predecessor-version":[{"id":69762,"href":"https:\/\/eldiariodesanpedro.com.ar\/sitio\/wp-json\/wp\/v2\/posts\/69760\/revisions\/69762"}],"wp:featuredmedia":[{"embeddable":true,"href":"https:\/\/eldiariodesanpedro.com.ar\/sitio\/wp-json\/wp\/v2\/media\/69761"}],"wp:attachment":[{"href":"https:\/\/eldiariodesanpedro.com.ar\/sitio\/wp-json\/wp\/v2\/media?parent=69760"}],"wp:term":[{"taxonomy":"category","embeddable":true,"href":"https:\/\/eldiariodesanpedro.com.ar\/sitio\/wp-json\/wp\/v2\/categories?post=69760"},{"taxonomy":"post_tag","embeddable":true,"href":"https:\/\/eldiariodesanpedro.com.ar\/sitio\/wp-json\/wp\/v2\/tags?post=69760"}],"curies":[{"name":"wp","href":"https:\/\/api.w.org\/{rel}","templated":true}]}}