{"id":69757,"date":"2020-03-05T09:11:30","date_gmt":"2020-03-05T12:11:30","guid":{"rendered":"https:\/\/eldiariodesanpedro.com.ar\/sitio\/?p=69757"},"modified":"2020-03-05T09:11:35","modified_gmt":"2020-03-05T12:11:35","slug":"san-pedro-presente-en-la-muestra-mujeres-haciendo-historia-en-la-camara-de-diputados","status":"publish","type":"post","link":"https:\/\/eldiariodesanpedro.com.ar\/sitio\/san-pedro-presente-en-la-muestra-mujeres-haciendo-historia-en-la-camara-de-diputados\/","title":{"rendered":"San Pedro presente en la muestra \u201cMujeres Haciendo Historia\u201d en la C\u00e1mara de Diputados"},"content":{"rendered":"<!-- VideographyWP Plugin Message: Automatic video embedding prevented by plugin options. -->\n\n<p> La artista residente en San Pedro Mariana Maroli, participar\u00e1 en representaci\u00f3n de nuestra ciudad junto a colegas de San Vicente y Necochea, de la Muestra Super Arte organizada la pr\u00f3xima semana en La Plata.<\/p>\n\n\n\n<p>La iniciativa Tres Mujeres, Tres Artistas y Tres Distritos, de la Diputada Natalia S\u00e1nchez J\u00e1uregui del Partido FE, gener\u00f3 la convocatoria asociada a las actividades previstas en la Semana de la Mujer y el 10 de marzo en la Honorable C\u00e1mara de Diputados de la Provincia de Buenos Aires, Mariana Maroli disertar\u00e1 sobre el proceso creativo de sus esculturas de mujeres, que seg\u00fan ella misma define, \u201cson un puente entre el pasado y el presente y dejan huellas para el futuro\u00bb.<\/p>\n\n\n\n<p>La muestra S\u00faper Arte Mujeres Haciendo Historia cuenta con la participaci\u00f3n de trabajos de Agostina Mauro de San Vicente, Patricia Cirigliano de Necochea y Mariana Maroli de San Pedro, y estar\u00e1 abierta del 10 al 13 de este mes en Calle 53 entre 8 y 9 de la capital bonaerense con entrada libre y gratuita. <\/p>\n","protected":false},"excerpt":{"rendered":"<p>La artista residente en San Pedro Mariana Maroli, participar\u00e1 en representaci\u00f3n de nuestra ciudad junto a colegas de San Vicente y Necochea, de la Muestra Super Arte organizada la pr\u00f3xima semana en La Plata. La iniciativa Tres Mujeres, Tres Artistas y Tres Distritos, de la Diputada Natalia S\u00e1nchez J\u00e1uregui del Partido FE, gener\u00f3 la convocatoria [&hellip;]<\/p>\n","protected":false},"author":4,"featured_media":69758,"comment_status":"open","ping_status":"closed","sticky":false,"template":"","format":"standard","meta":{"om_disable_all_campaigns":false,"_jetpack_memberships_contains_paid_content":false,"footnotes":""},"categories":[50,101,2],"tags":[],"class_list":["post-69757","post","type-post","status-publish","format-standard","has-post-thumbnail","hentry","category-destacadas","category-interes-general-locales","category-locales"],"aioseo_notices":[],"gutentor_comment":0,"jetpack_featured_media_url":"https:\/\/eldiariodesanpedro.com.ar\/sitio\/wp-content\/uploads\/2020\/03\/88281237_2821714177923239_7433825414205669376_n.jpg","jetpack_shortlink":"https:\/\/wp.me\/p6RhLt-i97","jetpack_sharing_enabled":true,"_links":{"self":[{"href":"https:\/\/eldiariodesanpedro.com.ar\/sitio\/wp-json\/wp\/v2\/posts\/69757","targetHints":{"allow":["GET"]}}],"collection":[{"href":"https:\/\/eldiariodesanpedro.com.ar\/sitio\/wp-json\/wp\/v2\/posts"}],"about":[{"href":"https:\/\/eldiariodesanpedro.com.ar\/sitio\/wp-json\/wp\/v2\/types\/post"}],"author":[{"embeddable":true,"href":"https:\/\/eldiariodesanpedro.com.ar\/sitio\/wp-json\/wp\/v2\/users\/4"}],"replies":[{"embeddable":true,"href":"https:\/\/eldiariodesanpedro.com.ar\/sitio\/wp-json\/wp\/v2\/comments?post=69757"}],"version-history":[{"count":1,"href":"https:\/\/eldiariodesanpedro.com.ar\/sitio\/wp-json\/wp\/v2\/posts\/69757\/revisions"}],"predecessor-version":[{"id":69759,"href":"https:\/\/eldiariodesanpedro.com.ar\/sitio\/wp-json\/wp\/v2\/posts\/69757\/revisions\/69759"}],"wp:featuredmedia":[{"embeddable":true,"href":"https:\/\/eldiariodesanpedro.com.ar\/sitio\/wp-json\/wp\/v2\/media\/69758"}],"wp:attachment":[{"href":"https:\/\/eldiariodesanpedro.com.ar\/sitio\/wp-json\/wp\/v2\/media?parent=69757"}],"wp:term":[{"taxonomy":"category","embeddable":true,"href":"https:\/\/eldiariodesanpedro.com.ar\/sitio\/wp-json\/wp\/v2\/categories?post=69757"},{"taxonomy":"post_tag","embeddable":true,"href":"https:\/\/eldiariodesanpedro.com.ar\/sitio\/wp-json\/wp\/v2\/tags?post=69757"}],"curies":[{"name":"wp","href":"https:\/\/api.w.org\/{rel}","templated":true}]}}