{"id":69754,"date":"2020-03-05T08:56:32","date_gmt":"2020-03-05T11:56:32","guid":{"rendered":"https:\/\/eldiariodesanpedro.com.ar\/sitio\/?p=69754"},"modified":"2020-03-05T08:56:39","modified_gmt":"2020-03-05T11:56:39","slug":"diplomatura-para-emprendedores-posgrado-y-especializacion","status":"publish","type":"post","link":"https:\/\/eldiariodesanpedro.com.ar\/sitio\/diplomatura-para-emprendedores-posgrado-y-especializacion\/","title":{"rendered":"Diplomatura para emprendedores Posgrado y Especializaci\u00f3n"},"content":{"rendered":"<!-- VideographyWP Plugin Message: Automatic video embedding prevented by plugin options. -->\n\n<p><strong>&nbsp;Charla informativa el S\u00e1bado a las 11 \/ Inscripci\u00f3n Abierta hasta el 27 de Marzo<\/strong><\/p>\n\n\n\n<p>El Centro de Comercio, Industria y Turismo de San Pedro junto al Instituto Universitario de la Escuela Argentina de Negocios tienen abierta la inscripci\u00f3n para la Diplomatura en Emprendimiento e Innovaci\u00f3n.<\/p>\n\n\n\n<p>Esta excelente oportunidad que se brinda en San Pedro, con ventajas especiales para estudiantes, socios actuales o nuevos socios del Centro, brindar\u00e1 la posibilidad de acceder a 9 m\u00f3dulos mensuales para contar con la capacitaci\u00f3n adecuada para la elaboraci\u00f3n de un plan de negocios, comenzando con la oportunidad de acceder a todas las herramientas de elaborar el propio en la actividad que les interese, al final de la cursada.<\/p>\n\n\n\n<p>La aplicaci\u00f3n adecuada de la investigaci\u00f3n y el desarrollo dentro del emprendimiento, con la utilizaci\u00f3n de canales externos para poner en el mercado productos y tecnolog\u00edas innovadoras, se logra a trav\u00e9s de este programa en el que los participantes adquieren competencias para la creaci\u00f3n de planes innovadores y para la&nbsp; revisi\u00f3n de los emprendimientos en marcha.<\/p>\n\n\n\n<p>El programa cuenta con un sistema \u00fanico de mentor\u00eda que apoya a los emprendedores a trav\u00e9s de encuentros grupales peri\u00f3dicos para la revisi\u00f3n de la aplicaci\u00f3n de los conocimientos y herramientas presentadas a lo largo del programa.<\/p>\n\n\n\n<p>El Centro de Comercio invita a emprendedores, profesionales y a todos los interesados a sumarse a esta iniciativa que adem\u00e1s es acompa\u00f1ada por la creaci\u00f3n a nivel local de la C\u00e1mara de Emprendedores dentro de la instituci\u00f3n.<\/p>\n\n\n\n<p>Los nueve m\u00f3dulos, distribuidos de a uno por mes, tienen un costo de $ 3.000 pero con la intenci\u00f3n de facilitar el acceso de este programa a la mayor cantidad posible, habr\u00e1 un descuento del 35% a socios del CCIT, un 25% para quienes ingresen como socios a partir del inicio del programa y se mantengan como m\u00ednimo durante un a\u00f1o y un 50% para estudiantes acreditados.<\/p>\n\n\n\n<p><strong>Este s\u00e1bado a las 11 en el Centro de Comercio se brindar\u00e1 una charla informativa abierta sobre las caracter\u00edsticas de esta Diplomatura en la que se brindar\u00e1n mayores detalles para quienes deseen obtener informaci\u00f3n.<\/strong><br><br><\/p>\n\n\n\n<p><strong>ADEMAS<br><\/strong>El Centro de Comercio Industria y Turismo de San Pedro recuerda que est\u00e1n abiertas hasta el 15 de Marzo las inscripciones para dos propuestas de formaci\u00f3n de la Universidad Nacional de Tres de Febrero.\u00a0<\/p>\n\n\n\n<p>\u00a0Por un lado,\u00a0\u00a0el\u00a0<strong>Curso de Posgrado de Direcci\u00f3n Estrat\u00e9gica de Marketing e Innovaci\u00f3n en Ventas<\/strong>\u00a0y por otro una especializaci\u00f3n en\u00a0<strong>Gesti\u00f3n Log\u00edstica, Calidad y Comercio Internacional<\/strong>\u00a0con orientaci\u00f3n en alimentos.Ambas propuestas est\u00e1n apuntadas\u00a0\u00a0a quienes deseen incorporar a sus actividades mejores herramientas para ampliar sus recursos en log\u00edstica, financiamiento, emprendedurismo y marketing.\u00a0<\/p>\n\n\n\n<p>La\u00a0<a rel=\"noreferrer noopener\" href=\"https:\/\/www.untref.edu.ar\/\" target=\"_blank\">Universidad Nacional de Tres de Febrero<\/a>\u00a0cuenta con una amplia experiencia en este tipo de posgrados, respaldada por profesionales de alto nivel acad\u00e9mico.\u00a0\u00a0<em>La informaci\u00f3n sobre aranceles y la inscripci\u00f3n puede concretarse en las oficinas del CCIT con beneficios especiales para socios y sorteos de medias becas para quienes anticipen su registro.\u00a0<\/em><\/p>\n\n\n\n<p><strong>Se pueden adelantar consultas en M\u00e1s informaci\u00f3n en Mitre 650,&nbsp;<a href=\"mailto:centrodecomercio@arnetbiz.com.ar\" target=\"_blank\" rel=\"noreferrer noopener\">centrodecomercio@arnetbiz.com.ar<\/a>&nbsp;o a los tel\u00e9fonos 423386 425266 o al 3329 599 000.<\/strong><\/p>\n","protected":false},"excerpt":{"rendered":"<p>&nbsp;Charla informativa el S\u00e1bado a las 11 \/ Inscripci\u00f3n Abierta hasta el 27 de Marzo El Centro de Comercio, Industria y Turismo de San Pedro junto al Instituto Universitario de la Escuela Argentina de Negocios tienen abierta la inscripci\u00f3n para la Diplomatura en Emprendimiento e Innovaci\u00f3n. Esta excelente oportunidad que se brinda en San Pedro, [&hellip;]<\/p>\n","protected":false},"author":4,"featured_media":69755,"comment_status":"open","ping_status":"closed","sticky":false,"template":"","format":"standard","meta":{"om_disable_all_campaigns":false,"_jetpack_memberships_contains_paid_content":false,"footnotes":""},"categories":[101,2],"tags":[],"class_list":["post-69754","post","type-post","status-publish","format-standard","has-post-thumbnail","hentry","category-interes-general-locales","category-locales"],"aioseo_notices":[],"gutentor_comment":0,"jetpack_featured_media_url":"https:\/\/eldiariodesanpedro.com.ar\/sitio\/wp-content\/uploads\/2020\/03\/Diplomatura-Charla.jpg","jetpack_shortlink":"https:\/\/wp.me\/p6RhLt-i94","jetpack_sharing_enabled":true,"_links":{"self":[{"href":"https:\/\/eldiariodesanpedro.com.ar\/sitio\/wp-json\/wp\/v2\/posts\/69754","targetHints":{"allow":["GET"]}}],"collection":[{"href":"https:\/\/eldiariodesanpedro.com.ar\/sitio\/wp-json\/wp\/v2\/posts"}],"about":[{"href":"https:\/\/eldiariodesanpedro.com.ar\/sitio\/wp-json\/wp\/v2\/types\/post"}],"author":[{"embeddable":true,"href":"https:\/\/eldiariodesanpedro.com.ar\/sitio\/wp-json\/wp\/v2\/users\/4"}],"replies":[{"embeddable":true,"href":"https:\/\/eldiariodesanpedro.com.ar\/sitio\/wp-json\/wp\/v2\/comments?post=69754"}],"version-history":[{"count":1,"href":"https:\/\/eldiariodesanpedro.com.ar\/sitio\/wp-json\/wp\/v2\/posts\/69754\/revisions"}],"predecessor-version":[{"id":69756,"href":"https:\/\/eldiariodesanpedro.com.ar\/sitio\/wp-json\/wp\/v2\/posts\/69754\/revisions\/69756"}],"wp:featuredmedia":[{"embeddable":true,"href":"https:\/\/eldiariodesanpedro.com.ar\/sitio\/wp-json\/wp\/v2\/media\/69755"}],"wp:attachment":[{"href":"https:\/\/eldiariodesanpedro.com.ar\/sitio\/wp-json\/wp\/v2\/media?parent=69754"}],"wp:term":[{"taxonomy":"category","embeddable":true,"href":"https:\/\/eldiariodesanpedro.com.ar\/sitio\/wp-json\/wp\/v2\/categories?post=69754"},{"taxonomy":"post_tag","embeddable":true,"href":"https:\/\/eldiariodesanpedro.com.ar\/sitio\/wp-json\/wp\/v2\/tags?post=69754"}],"curies":[{"name":"wp","href":"https:\/\/api.w.org\/{rel}","templated":true}]}}