{"id":69747,"date":"2020-03-05T08:52:30","date_gmt":"2020-03-05T11:52:30","guid":{"rendered":"https:\/\/eldiariodesanpedro.com.ar\/sitio\/?p=69747"},"modified":"2020-03-05T08:52:31","modified_gmt":"2020-03-05T11:52:31","slug":"inta-san-pedro-ahora-tiene-flores-de-corte","status":"publish","type":"post","link":"https:\/\/eldiariodesanpedro.com.ar\/sitio\/inta-san-pedro-ahora-tiene-flores-de-corte\/","title":{"rendered":"INTA: San Pedro ahora tiene flores de corte"},"content":{"rendered":"<!-- VideographyWP Plugin Message: Automatic video embedding prevented by plugin options. -->\n\n<p> Aunque la zona ha estado tradicionalmente vinculada a la producci\u00f3n de plantas ornamentales, forestales y frutales, ahora un grupo de viveristas locales se asoci\u00f3 para producir gerberas. Se trata de flores vistosas semejantes a las margaritas pero con m\u00e1s p\u00e9talos y tallo sin hojas que cada vez m\u00e1s son utilizadas en los arreglos florales. La primera cosecha ya est\u00e1 lista y el lanzamiento oficial ser\u00e1 en la primera edici\u00f3n de la feria\u00a0<a rel=\"noreferrer noopener\" href=\"https:\/\/gob.us14.list-manage.com\/track\/click?u=dc8d70956a2304ba6ec6196eb&amp;id=8f44f59e53&amp;e=49869ba55d\" target=\"_blank\">\u201cFrutos de la tierra y el r\u00edo\u201d<\/a> <\/p>\n\n\n\n<p>\n\nInspirados por la propuesta tecnol\u00f3gica en cultivos sin suelo que el INTA ajusta desde hace algunos a\u00f1os en la Estaci\u00f3n Experimental Agropecuaria San Pedro, Abel Gaido, Agust\u00edn Torre, Walter Laurino y Pablo Ojea, tomaron un mesocr\u00e9dito CONAMI con fondos del Ministerio de Desarrollo Social de la Naci\u00f3n, para invertir en la puesta en funcionamiento de una unidad productiva. El objetivo, diversificar su producci\u00f3n y constituirse en pioneros en el desarrollo de gerberas en San Pedro.<\/p>\n\n\n\n<p>Tambi\u00e9n llamadas \u201cmargaritas africanas\u201d, por la forma de sus p\u00e9talos y por ser originarias de Madagascar y Sud\u00e1frica, en los \u00faltimos a\u00f1os se han posicionado entre las cinco flores de corte m\u00e1s usadas en el mundo, luego de la rosa, el clavel, el crisantemo y tulip\u00e1n. Son frecuentemente incluidas en decoraciones en eventos y bouquets. Se caracterizan por sus tallos resistentes, p\u00e9talos suaves y colores bien definidos. Es posible conseguirlas en casi cualquier color, excepto negro, verde y azul; y quienes las eligen pueden estar significando inocencia, pureza, alegr\u00eda, buena salud y determinaci\u00f3n. Las Asociaciones Sueca y Danesa de No Fumadores la han adoptado como s\u00edmbolo de su causa y cada 31 de mayo, d\u00eda Internacional contra el tabaco, regalan estas flores a las personas que decidan no fumar ese d\u00eda.<\/p>\n\n\n\n<p>El emprendimiento local se llama \u201cFlores del Paran\u00e1\u201d, y su primera presencia p\u00fablica ser\u00e1 el s\u00e1bado 7 de marzo en la Feria \u201cFrutos de la tierra y el r\u00edo\u201d.<\/p>\n\n\n\n<figure class=\"wp-block-gallery columns-3 is-cropped wp-block-gallery-1 is-layout-flex wp-block-gallery-is-layout-flex\"><ul class=\"blocks-gallery-grid\"><li class=\"blocks-gallery-item\"><figure><img decoding=\"async\" width=\"960\" height=\"720\" data-attachment-id=\"69748\" data-permalink=\"https:\/\/eldiariodesanpedro.com.ar\/sitio\/inta-san-pedro-ahora-tiene-flores-de-corte\/87363624_105920511024606_4062100912309534720_o\/\" data-orig-file=\"https:\/\/eldiariodesanpedro.com.ar\/sitio\/wp-content\/uploads\/2020\/03\/87363624_105920511024606_4062100912309534720_o.jpg\" data-orig-size=\"960,720\" data-comments-opened=\"1\" data-image-meta=\"{&quot;aperture&quot;:&quot;0&quot;,&quot;credit&quot;:&quot;&quot;,&quot;camera&quot;:&quot;&quot;,&quot;caption&quot;:&quot;&quot;,&quot;created_timestamp&quot;:&quot;0&quot;,&quot;copyright&quot;:&quot;&quot;,&quot;focal_length&quot;:&quot;0&quot;,&quot;iso&quot;:&quot;0&quot;,&quot;shutter_speed&quot;:&quot;0&quot;,&quot;title&quot;:&quot;&quot;,&quot;orientation&quot;:&quot;0&quot;}\" data-image-title=\"87363624_105920511024606_4062100912309534720_o\" data-image-description=\"\" data-image-caption=\"\" data-large-file=\"https:\/\/eldiariodesanpedro.com.ar\/sitio\/wp-content\/uploads\/2020\/03\/87363624_105920511024606_4062100912309534720_o.jpg\" data-src=\"https:\/\/eldiariodesanpedro.com.ar\/sitio\/wp-content\/uploads\/2020\/03\/87363624_105920511024606_4062100912309534720_o.jpg\" alt=\"\" data-id=\"69748\" data-full-url=\"https:\/\/i2.wp.com\/eldiariodesanpedro.com.ar\/sitio\/wp-content\/uploads\/2020\/03\/87363624_105920511024606_4062100912309534720_o.jpg?fit=960%2C720\" data-link=\"https:\/\/eldiariodesanpedro.com.ar\/sitio\/?attachment_id=69748\" class=\"wp-image-69748 lazyload\" data-srcset=\"https:\/\/eldiariodesanpedro.com.ar\/sitio\/wp-content\/uploads\/2020\/03\/87363624_105920511024606_4062100912309534720_o.jpg 960w, https:\/\/eldiariodesanpedro.com.ar\/sitio\/wp-content\/uploads\/2020\/03\/87363624_105920511024606_4062100912309534720_o-300x225.jpg 300w, https:\/\/eldiariodesanpedro.com.ar\/sitio\/wp-content\/uploads\/2020\/03\/87363624_105920511024606_4062100912309534720_o-768x576.jpg 768w, https:\/\/eldiariodesanpedro.com.ar\/sitio\/wp-content\/uploads\/2020\/03\/87363624_105920511024606_4062100912309534720_o-500x375.jpg 500w\" data-sizes=\"(max-width: 960px) 100vw, 960px\" src=\"data:image\/svg+xml;base64,PHN2ZyB3aWR0aD0iMSIgaGVpZ2h0PSIxIiB4bWxucz0iaHR0cDovL3d3dy53My5vcmcvMjAwMC9zdmciPjwvc3ZnPg==\" style=\"--smush-placeholder-width: 960px; --smush-placeholder-aspect-ratio: 960\/720;\" \/><\/figure><\/li><li class=\"blocks-gallery-item\"><figure><img decoding=\"async\" width=\"720\" height=\"960\" data-attachment-id=\"69749\" data-permalink=\"https:\/\/eldiariodesanpedro.com.ar\/sitio\/inta-san-pedro-ahora-tiene-flores-de-corte\/87449204_105920494357941_4805318425624707072_o\/\" data-orig-file=\"https:\/\/eldiariodesanpedro.com.ar\/sitio\/wp-content\/uploads\/2020\/03\/87449204_105920494357941_4805318425624707072_o.jpg\" data-orig-size=\"720,960\" data-comments-opened=\"1\" data-image-meta=\"{&quot;aperture&quot;:&quot;0&quot;,&quot;credit&quot;:&quot;&quot;,&quot;camera&quot;:&quot;&quot;,&quot;caption&quot;:&quot;&quot;,&quot;created_timestamp&quot;:&quot;0&quot;,&quot;copyright&quot;:&quot;&quot;,&quot;focal_length&quot;:&quot;0&quot;,&quot;iso&quot;:&quot;0&quot;,&quot;shutter_speed&quot;:&quot;0&quot;,&quot;title&quot;:&quot;&quot;,&quot;orientation&quot;:&quot;0&quot;}\" data-image-title=\"87449204_105920494357941_4805318425624707072_o\" data-image-description=\"\" data-image-caption=\"\" data-large-file=\"https:\/\/eldiariodesanpedro.com.ar\/sitio\/wp-content\/uploads\/2020\/03\/87449204_105920494357941_4805318425624707072_o.jpg\" data-src=\"https:\/\/eldiariodesanpedro.com.ar\/sitio\/wp-content\/uploads\/2020\/03\/87449204_105920494357941_4805318425624707072_o.jpg\" alt=\"\" data-id=\"69749\" data-full-url=\"https:\/\/i0.wp.com\/eldiariodesanpedro.com.ar\/sitio\/wp-content\/uploads\/2020\/03\/87449204_105920494357941_4805318425624707072_o.jpg?fit=720%2C960\" data-link=\"https:\/\/eldiariodesanpedro.com.ar\/sitio\/?attachment_id=69749\" class=\"wp-image-69749 lazyload\" data-srcset=\"https:\/\/eldiariodesanpedro.com.ar\/sitio\/wp-content\/uploads\/2020\/03\/87449204_105920494357941_4805318425624707072_o.jpg 720w, https:\/\/eldiariodesanpedro.com.ar\/sitio\/wp-content\/uploads\/2020\/03\/87449204_105920494357941_4805318425624707072_o-225x300.jpg 225w\" data-sizes=\"(max-width: 720px) 100vw, 720px\" src=\"data:image\/svg+xml;base64,PHN2ZyB3aWR0aD0iMSIgaGVpZ2h0PSIxIiB4bWxucz0iaHR0cDovL3d3dy53My5vcmcvMjAwMC9zdmciPjwvc3ZnPg==\" style=\"--smush-placeholder-width: 720px; --smush-placeholder-aspect-ratio: 720\/960;\" \/><\/figure><\/li><li class=\"blocks-gallery-item\"><figure><img decoding=\"async\" width=\"960\" height=\"720\" data-attachment-id=\"69750\" data-permalink=\"https:\/\/eldiariodesanpedro.com.ar\/sitio\/inta-san-pedro-ahora-tiene-flores-de-corte\/87601357_105920567691267_8407137970678661120_o\/\" data-orig-file=\"https:\/\/eldiariodesanpedro.com.ar\/sitio\/wp-content\/uploads\/2020\/03\/87601357_105920567691267_8407137970678661120_o.jpg\" data-orig-size=\"960,720\" data-comments-opened=\"1\" data-image-meta=\"{&quot;aperture&quot;:&quot;0&quot;,&quot;credit&quot;:&quot;&quot;,&quot;camera&quot;:&quot;&quot;,&quot;caption&quot;:&quot;&quot;,&quot;created_timestamp&quot;:&quot;0&quot;,&quot;copyright&quot;:&quot;&quot;,&quot;focal_length&quot;:&quot;0&quot;,&quot;iso&quot;:&quot;0&quot;,&quot;shutter_speed&quot;:&quot;0&quot;,&quot;title&quot;:&quot;&quot;,&quot;orientation&quot;:&quot;0&quot;}\" data-image-title=\"87601357_105920567691267_8407137970678661120_o\" data-image-description=\"\" data-image-caption=\"\" data-large-file=\"https:\/\/eldiariodesanpedro.com.ar\/sitio\/wp-content\/uploads\/2020\/03\/87601357_105920567691267_8407137970678661120_o.jpg\" data-src=\"https:\/\/eldiariodesanpedro.com.ar\/sitio\/wp-content\/uploads\/2020\/03\/87601357_105920567691267_8407137970678661120_o.jpg\" alt=\"\" data-id=\"69750\" data-full-url=\"https:\/\/i2.wp.com\/eldiariodesanpedro.com.ar\/sitio\/wp-content\/uploads\/2020\/03\/87601357_105920567691267_8407137970678661120_o.jpg?fit=960%2C720\" data-link=\"https:\/\/eldiariodesanpedro.com.ar\/sitio\/?attachment_id=69750\" class=\"wp-image-69750 lazyload\" data-srcset=\"https:\/\/eldiariodesanpedro.com.ar\/sitio\/wp-content\/uploads\/2020\/03\/87601357_105920567691267_8407137970678661120_o.jpg 960w, https:\/\/eldiariodesanpedro.com.ar\/sitio\/wp-content\/uploads\/2020\/03\/87601357_105920567691267_8407137970678661120_o-300x225.jpg 300w, https:\/\/eldiariodesanpedro.com.ar\/sitio\/wp-content\/uploads\/2020\/03\/87601357_105920567691267_8407137970678661120_o-768x576.jpg 768w, https:\/\/eldiariodesanpedro.com.ar\/sitio\/wp-content\/uploads\/2020\/03\/87601357_105920567691267_8407137970678661120_o-500x375.jpg 500w\" data-sizes=\"(max-width: 960px) 100vw, 960px\" src=\"data:image\/svg+xml;base64,PHN2ZyB3aWR0aD0iMSIgaGVpZ2h0PSIxIiB4bWxucz0iaHR0cDovL3d3dy53My5vcmcvMjAwMC9zdmciPjwvc3ZnPg==\" style=\"--smush-placeholder-width: 960px; --smush-placeholder-aspect-ratio: 960\/720;\" \/><\/figure><\/li><li class=\"blocks-gallery-item\"><figure><img decoding=\"async\" width=\"960\" height=\"720\" data-attachment-id=\"69751\" data-permalink=\"https:\/\/eldiariodesanpedro.com.ar\/sitio\/inta-san-pedro-ahora-tiene-flores-de-corte\/88197263_105920481024609_3244300724963639296_o\/\" data-orig-file=\"https:\/\/eldiariodesanpedro.com.ar\/sitio\/wp-content\/uploads\/2020\/03\/88197263_105920481024609_3244300724963639296_o.jpg\" data-orig-size=\"960,720\" data-comments-opened=\"1\" data-image-meta=\"{&quot;aperture&quot;:&quot;0&quot;,&quot;credit&quot;:&quot;&quot;,&quot;camera&quot;:&quot;&quot;,&quot;caption&quot;:&quot;&quot;,&quot;created_timestamp&quot;:&quot;0&quot;,&quot;copyright&quot;:&quot;&quot;,&quot;focal_length&quot;:&quot;0&quot;,&quot;iso&quot;:&quot;0&quot;,&quot;shutter_speed&quot;:&quot;0&quot;,&quot;title&quot;:&quot;&quot;,&quot;orientation&quot;:&quot;0&quot;}\" data-image-title=\"88197263_105920481024609_3244300724963639296_o\" data-image-description=\"\" data-image-caption=\"\" data-large-file=\"https:\/\/eldiariodesanpedro.com.ar\/sitio\/wp-content\/uploads\/2020\/03\/88197263_105920481024609_3244300724963639296_o.jpg\" data-src=\"https:\/\/eldiariodesanpedro.com.ar\/sitio\/wp-content\/uploads\/2020\/03\/88197263_105920481024609_3244300724963639296_o.jpg\" alt=\"\" data-id=\"69751\" data-full-url=\"https:\/\/i1.wp.com\/eldiariodesanpedro.com.ar\/sitio\/wp-content\/uploads\/2020\/03\/88197263_105920481024609_3244300724963639296_o.jpg?fit=960%2C720\" data-link=\"https:\/\/eldiariodesanpedro.com.ar\/sitio\/?attachment_id=69751\" class=\"wp-image-69751 lazyload\" data-srcset=\"https:\/\/eldiariodesanpedro.com.ar\/sitio\/wp-content\/uploads\/2020\/03\/88197263_105920481024609_3244300724963639296_o.jpg 960w, https:\/\/eldiariodesanpedro.com.ar\/sitio\/wp-content\/uploads\/2020\/03\/88197263_105920481024609_3244300724963639296_o-300x225.jpg 300w, https:\/\/eldiariodesanpedro.com.ar\/sitio\/wp-content\/uploads\/2020\/03\/88197263_105920481024609_3244300724963639296_o-768x576.jpg 768w, https:\/\/eldiariodesanpedro.com.ar\/sitio\/wp-content\/uploads\/2020\/03\/88197263_105920481024609_3244300724963639296_o-500x375.jpg 500w\" data-sizes=\"(max-width: 960px) 100vw, 960px\" src=\"data:image\/svg+xml;base64,PHN2ZyB3aWR0aD0iMSIgaGVpZ2h0PSIxIiB4bWxucz0iaHR0cDovL3d3dy53My5vcmcvMjAwMC9zdmciPjwvc3ZnPg==\" style=\"--smush-placeholder-width: 960px; --smush-placeholder-aspect-ratio: 960\/720;\" \/><\/figure><\/li><\/ul><\/figure>\n\n\n\n<p>\u00a0<a rel=\"noreferrer noopener\" href=\"https:\/\/gob.us14.list-manage.com\/track\/click?u=dc8d70956a2304ba6ec6196eb&amp;id=0e9343b184&amp;e=49869ba55d\" target=\"_blank\">M\u00e1s informaci\u00f3n sobre el emprendimiento en su Fanpage<\/a><\/p>\n","protected":false},"excerpt":{"rendered":"<p>Aunque la zona ha estado tradicionalmente vinculada a la producci\u00f3n de plantas ornamentales, forestales y frutales, ahora un grupo de viveristas locales se asoci\u00f3 para producir gerberas. Se trata de flores vistosas semejantes a las margaritas pero con m\u00e1s p\u00e9talos y tallo sin hojas que cada vez m\u00e1s son utilizadas en los arreglos florales. La [&hellip;]<\/p>\n","protected":false},"author":4,"featured_media":69752,"comment_status":"open","ping_status":"closed","sticky":false,"template":"","format":"standard","meta":{"om_disable_all_campaigns":false,"_jetpack_memberships_contains_paid_content":false,"footnotes":""},"categories":[50,101,2],"tags":[],"class_list":["post-69747","post","type-post","status-publish","format-standard","has-post-thumbnail","hentry","category-destacadas","category-interes-general-locales","category-locales"],"aioseo_notices":[],"gutentor_comment":0,"jetpack_featured_media_url":"https:\/\/eldiariodesanpedro.com.ar\/sitio\/wp-content\/uploads\/2020\/03\/unnamed-1.jpg","jetpack_shortlink":"https:\/\/wp.me\/p6RhLt-i8X","jetpack_sharing_enabled":true,"_links":{"self":[{"href":"https:\/\/eldiariodesanpedro.com.ar\/sitio\/wp-json\/wp\/v2\/posts\/69747","targetHints":{"allow":["GET"]}}],"collection":[{"href":"https:\/\/eldiariodesanpedro.com.ar\/sitio\/wp-json\/wp\/v2\/posts"}],"about":[{"href":"https:\/\/eldiariodesanpedro.com.ar\/sitio\/wp-json\/wp\/v2\/types\/post"}],"author":[{"embeddable":true,"href":"https:\/\/eldiariodesanpedro.com.ar\/sitio\/wp-json\/wp\/v2\/users\/4"}],"replies":[{"embeddable":true,"href":"https:\/\/eldiariodesanpedro.com.ar\/sitio\/wp-json\/wp\/v2\/comments?post=69747"}],"version-history":[{"count":1,"href":"https:\/\/eldiariodesanpedro.com.ar\/sitio\/wp-json\/wp\/v2\/posts\/69747\/revisions"}],"predecessor-version":[{"id":69753,"href":"https:\/\/eldiariodesanpedro.com.ar\/sitio\/wp-json\/wp\/v2\/posts\/69747\/revisions\/69753"}],"wp:featuredmedia":[{"embeddable":true,"href":"https:\/\/eldiariodesanpedro.com.ar\/sitio\/wp-json\/wp\/v2\/media\/69752"}],"wp:attachment":[{"href":"https:\/\/eldiariodesanpedro.com.ar\/sitio\/wp-json\/wp\/v2\/media?parent=69747"}],"wp:term":[{"taxonomy":"category","embeddable":true,"href":"https:\/\/eldiariodesanpedro.com.ar\/sitio\/wp-json\/wp\/v2\/categories?post=69747"},{"taxonomy":"post_tag","embeddable":true,"href":"https:\/\/eldiariodesanpedro.com.ar\/sitio\/wp-json\/wp\/v2\/tags?post=69747"}],"curies":[{"name":"wp","href":"https:\/\/api.w.org\/{rel}","templated":true}]}}