{"id":69715,"date":"2020-03-04T12:02:06","date_gmt":"2020-03-04T15:02:06","guid":{"rendered":"https:\/\/eldiariodesanpedro.com.ar\/sitio\/?p=69715"},"modified":"2020-03-04T12:02:13","modified_gmt":"2020-03-04T15:02:13","slug":"aumentan-el-alerta-en-la-region-y-ponen-foco-en-la-prevencion","status":"publish","type":"post","link":"https:\/\/eldiariodesanpedro.com.ar\/sitio\/aumentan-el-alerta-en-la-region-y-ponen-foco-en-la-prevencion\/","title":{"rendered":"Aumentan el alerta en la regi\u00f3n y ponen foco en la prevenci\u00f3n"},"content":{"rendered":"<!-- VideographyWP Plugin Message: Automatic video embedding prevented by plugin options. -->\n\n<p><strong>\u201cColaborar con las tareas de prevenci\u00f3n es una responsabilidad de todos. La comunicaci\u00f3n es permanente en el sistema p\u00fablico y privado, y la obligatoriedad de la notificaci\u00f3n inmediata a la Secretar\u00eda de Salud. Hasta el momento no hubo ning\u00fan caso notificado en San Nicol\u00e1s. Evitando que se replique el mosquito vamos a disminuir notablemente los riesgos de la transmisi\u00f3n de la enfermedad\u201d, advirti\u00f3 la Dra. Mirna Bottazzi a EL NORTE.<br><\/strong><br>El Ministerio de Salud inform\u00f3 que en el pa\u00eds hay 680 casos de dengue aut\u00f3ctono en 13 jurisdicciones. Sumados a los importados de pa\u00edses lim\u00edtrofes, ya se registraron m\u00e1s de 1.200 infectados en 15 provincias. Entre las provincias m\u00e1s afectadas est\u00e1n Buenos Aires; Entre R\u00edos y Santa Fe. Y la cifra crece. La situaci\u00f3n aumenta el alerta en nuestra regi\u00f3n y pone el foco en la prevenci\u00f3n. La Secretaria municipal de Salud y Desarrollo Humano Dra. Mirna Bottazzi marc\u00f3 en di\u00e1logo con EL NORTE: \u201cDebemos cuidar los espacios de nuestros hogares, la limpieza, el descacharrizado. La limpieza de los patios es fundamental: desechar o poner boca abajo todos los recipientes que puedan acumular agua para evitar que el agua quede estacionada. Esos lugares son los reservorios de los mosquitos, all\u00ed se originan los criaderos de Aedes Aegypti. No teniendo el mosquito o disminuyendo su poblaci\u00f3n, vamos a tener menos probabilidades de presentar la patolog\u00eda en nuestra ciudad. Colaborar con las tareas de prevenci\u00f3n es una responsabilidad de todos. Tambi\u00e9n hay que usar repelentes y en lo posible, proteger las ventanas con mosquiteros. No hay vacuna para esta enfermedad. No se transmite de persona a persona, sino desde el vector a la persona. Tiene un per\u00edodo de incubaci\u00f3n de 7 a 10 d\u00edas donde la persona comienza con s\u00edntomas. Hay que tomar una muestra de sangre para hacer un an\u00e1lisis de laboratorio, al paciente se lo debe aislar, para evitar el contacto con alg\u00fan vector en el per\u00edodo de viremia\u201d.<br>\u201cEs importante tener en cuenta la gran cantidad de turistas que vienen de pa\u00edses vecinos y de la zona norte de nuestro pa\u00eds, donde ya se han detectado casos positivos para dengue, estar muy atentos de quienes viajan o residen en lugares end\u00e9micos. La comunicaci\u00f3n es permanente en el sistema p\u00fablico y privado, y la obligatoriedad de la notificaci\u00f3n inmediata a la Secretar\u00eda de Salud. Hasta el momento no hubo ning\u00fan caso notificado en San Nicol\u00e1s pero s\u00ed en Paraguay, en Misiones, en Rosario y dem\u00e1s. Evitando que se replique el mosquito vamos a disminuir notablemente los riesgos de la transmisi\u00f3n de la enfermedad\u201d, not\u00f3 la funcionaria de nuestra ciudad.<\/p>\n\n\n\n<p><strong>Territorio bonaerense<br><\/strong>El ministro de Salud bonaerense, Daniel Goll\u00e1n, asegur\u00f3 que el dengue \u00ablleg\u00f3 para quedarse\u00bb y que \u00abel mosquito est\u00e1 en todos lados y no s\u00f3lo en los barrios m\u00e1s perif\u00e9ricos de las ciudades\u00bb. En el Bolet\u00edn Epidemiol\u00f3gico divulgado el viernes pasado por el Ministerio de Salud provincial se inform\u00f3 que \u00abse registra notificaci\u00f3n de casos aut\u00f3ctonos en 12 municipios definidos como \u00e1reas en brote\u00bb. Los municipios en los que se detectaron los casos son: La Matanza, Tres de Febrero, Quilmes, General San Martin, Lomas de Zamora, Vicente L\u00f3pez, Lan\u00fas, Malvinas Argentinas, Avellaneda, La Plata, San Miguel y Merlo. Se identificaron los serotipos DEN-1, 2 y 4, por lo que en la Provincia ya hay cuatro de las tres cepas que existen del virus, lo que incrementa el riesgo de dengue grave. Adem\u00e1s, en el bolet\u00edn se remarc\u00f3 que desde el inicio del a\u00f1o se confirmaron 152 infectados, de los cuales el 77 por ciento corresponden a personas que hab\u00edan viajado a Bolivia, Colombia, Misiones, Formosa y Salta antes de comenzar con los s\u00edntomas. Tambi\u00e9n se inform\u00f3 tambi\u00e9n la segunda muerte por la enfermedad en la provincia de Buenos Aires: una mujer de 69 a\u00f1os que hab\u00eda viajado a Paraguay.<\/p>\n\n\n\n<p><strong>Mosquito, virus y s\u00edntomas<br><\/strong>El mosquito hembra del g\u00e9nero Aedes Aegypti es el principal vector del virus del dengue. Se lo reconoce f\u00e1cilmente por la presencia de manchas o lunares blancos en sus patas negras. El mosquito se infecta con el virus al succionar sangre de una persona enferma. En el interior de su intestino el virus se replica y luego se extiende hasta las gl\u00e1ndulas salivales en un per\u00edodo de entre 8 y 12 d\u00edas. Posteriormente, al picar a un humano susceptible, transmite la infecci\u00f3n. Cabe destacar que el mosquito permanece con la capacidad de infectar por el resto de su vida y puede picar a varias personas. La persona con dengue s\u00f3lo puede infectar al mosquito durante la etapa febril o vir\u00e9mica (es decir, cuando los virus circulan en la sangre), por eso es importante que mientras el paciente tenga fiebre, evite ser picado por mosquitos. Los virus circulan en la sangre de la persona desde un d\u00eda antes y hasta 5 a 6 d\u00edas posteriores a la aparici\u00f3n de la fiebre. Los s\u00edntomas que presenta el dengue, seg\u00fan el Ministerio de Salud, son fiebre acompa\u00f1ada de dolor detr\u00e1s de los ojos, dolor de cabeza, muscular y de articulaciones, n\u00e1useas y v\u00f3mitos, cansancio intenso, aparici\u00f3n de manchas en la piel, picaz\u00f3n y\/o sangrado de nariz y enc\u00edas. Seg\u00fan informan, ante este cuadro se debe acudir al m\u00e9dico para recibir el tratamiento adecuado. Desde la cartera de Salud aclaran como muy importante no automedicarse, no tomar aspirinas, ibuprofeno y\/o inyecciones intramusculares. <\/p>\n\n\n\n<p>Fuente: Diario El Norte<\/p>\n","protected":false},"excerpt":{"rendered":"<p>\u201cColaborar con las tareas de prevenci\u00f3n es una responsabilidad de todos. La comunicaci\u00f3n es permanente en el sistema p\u00fablico y privado, y la obligatoriedad de la notificaci\u00f3n inmediata a la Secretar\u00eda de Salud. Hasta el momento no hubo ning\u00fan caso notificado en San Nicol\u00e1s. Evitando que se replique el mosquito vamos a disminuir notablemente los [&hellip;]<\/p>\n","protected":false},"author":4,"featured_media":69716,"comment_status":"open","ping_status":"closed","sticky":false,"template":"","format":"standard","meta":{"om_disable_all_campaigns":false,"_jetpack_memberships_contains_paid_content":false,"footnotes":""},"categories":[621],"tags":[],"class_list":["post-69715","post","type-post","status-publish","format-standard","has-post-thumbnail","hentry","category-regionales"],"aioseo_notices":[],"gutentor_comment":0,"jetpack_featured_media_url":"https:\/\/eldiariodesanpedro.com.ar\/sitio\/wp-content\/uploads\/2020\/03\/0.jpg","jetpack_shortlink":"https:\/\/wp.me\/p6RhLt-i8r","jetpack_sharing_enabled":true,"_links":{"self":[{"href":"https:\/\/eldiariodesanpedro.com.ar\/sitio\/wp-json\/wp\/v2\/posts\/69715","targetHints":{"allow":["GET"]}}],"collection":[{"href":"https:\/\/eldiariodesanpedro.com.ar\/sitio\/wp-json\/wp\/v2\/posts"}],"about":[{"href":"https:\/\/eldiariodesanpedro.com.ar\/sitio\/wp-json\/wp\/v2\/types\/post"}],"author":[{"embeddable":true,"href":"https:\/\/eldiariodesanpedro.com.ar\/sitio\/wp-json\/wp\/v2\/users\/4"}],"replies":[{"embeddable":true,"href":"https:\/\/eldiariodesanpedro.com.ar\/sitio\/wp-json\/wp\/v2\/comments?post=69715"}],"version-history":[{"count":1,"href":"https:\/\/eldiariodesanpedro.com.ar\/sitio\/wp-json\/wp\/v2\/posts\/69715\/revisions"}],"predecessor-version":[{"id":69717,"href":"https:\/\/eldiariodesanpedro.com.ar\/sitio\/wp-json\/wp\/v2\/posts\/69715\/revisions\/69717"}],"wp:featuredmedia":[{"embeddable":true,"href":"https:\/\/eldiariodesanpedro.com.ar\/sitio\/wp-json\/wp\/v2\/media\/69716"}],"wp:attachment":[{"href":"https:\/\/eldiariodesanpedro.com.ar\/sitio\/wp-json\/wp\/v2\/media?parent=69715"}],"wp:term":[{"taxonomy":"category","embeddable":true,"href":"https:\/\/eldiariodesanpedro.com.ar\/sitio\/wp-json\/wp\/v2\/categories?post=69715"},{"taxonomy":"post_tag","embeddable":true,"href":"https:\/\/eldiariodesanpedro.com.ar\/sitio\/wp-json\/wp\/v2\/tags?post=69715"}],"curies":[{"name":"wp","href":"https:\/\/api.w.org\/{rel}","templated":true}]}}