{"id":69712,"date":"2020-03-04T11:43:18","date_gmt":"2020-03-04T14:43:18","guid":{"rendered":"https:\/\/eldiariodesanpedro.com.ar\/sitio\/?p=69712"},"modified":"2020-03-04T11:43:23","modified_gmt":"2020-03-04T14:43:23","slug":"zarate-la-brigada-k9-encontro-al-joven-desaparecido","status":"publish","type":"post","link":"https:\/\/eldiariodesanpedro.com.ar\/sitio\/zarate-la-brigada-k9-encontro-al-joven-desaparecido\/","title":{"rendered":"Z\u00c1RATE | La Brigada K9 encontr\u00f3 al joven desaparecido"},"content":{"rendered":"<!-- VideographyWP Plugin Message: Automatic video embedding prevented by plugin options. -->\n\n<p><strong>La Brigada K9 encontr\u00f3 al joven desaparecido en su vivienda de calle 50 al 100, en buenas condiciones de salud. Fue trasladado por el Comando Patrulla a la Comisar\u00eda 1ra, d\u00e1ndose por finalizada su b\u00fasqueda.<\/strong><\/p>\n\n\n\n<p>Vest\u00eda pantal\u00f3n mostaza con rayas blancas en sus costados, remera verde con raya blanca sobre el pecho, gorro tipo vicera color negro.<\/p>\n\n\n\n<p>Es de contextura f\u00edsica delgada, ojos marrones, tez blanca, 1.60 mts de altura, pelo corto negro y posee un tatuaje de una cruz en su brazo izquierdo.<\/p>\n\n\n\n<p>El martes a las nueve de la noche mantuvo una discusi\u00f3n y se retir\u00f3 hacia una reuni\u00f3n, no regresando a su vivienda desde entonces.<\/p>\n\n\n\n<p>Fuente: Enlace Critico<\/p>\n","protected":false},"excerpt":{"rendered":"<p>La Brigada K9 encontr\u00f3 al joven desaparecido en su vivienda de calle 50 al 100, en buenas condiciones de salud. Fue trasladado por el Comando Patrulla a la Comisar\u00eda 1ra, d\u00e1ndose por finalizada su b\u00fasqueda. Vest\u00eda pantal\u00f3n mostaza con rayas blancas en sus costados, remera verde con raya blanca sobre el pecho, gorro tipo vicera [&hellip;]<\/p>\n","protected":false},"author":4,"featured_media":69713,"comment_status":"open","ping_status":"closed","sticky":false,"template":"","format":"standard","meta":{"om_disable_all_campaigns":false,"_jetpack_memberships_contains_paid_content":false,"footnotes":""},"categories":[621],"tags":[],"class_list":["post-69712","post","type-post","status-publish","format-standard","has-post-thumbnail","hentry","category-regionales"],"aioseo_notices":[],"gutentor_comment":0,"jetpack_featured_media_url":"https:\/\/eldiariodesanpedro.com.ar\/sitio\/wp-content\/uploads\/2020\/03\/Busqueda.jpg","jetpack_shortlink":"https:\/\/wp.me\/p6RhLt-i8o","jetpack_sharing_enabled":true,"_links":{"self":[{"href":"https:\/\/eldiariodesanpedro.com.ar\/sitio\/wp-json\/wp\/v2\/posts\/69712","targetHints":{"allow":["GET"]}}],"collection":[{"href":"https:\/\/eldiariodesanpedro.com.ar\/sitio\/wp-json\/wp\/v2\/posts"}],"about":[{"href":"https:\/\/eldiariodesanpedro.com.ar\/sitio\/wp-json\/wp\/v2\/types\/post"}],"author":[{"embeddable":true,"href":"https:\/\/eldiariodesanpedro.com.ar\/sitio\/wp-json\/wp\/v2\/users\/4"}],"replies":[{"embeddable":true,"href":"https:\/\/eldiariodesanpedro.com.ar\/sitio\/wp-json\/wp\/v2\/comments?post=69712"}],"version-history":[{"count":1,"href":"https:\/\/eldiariodesanpedro.com.ar\/sitio\/wp-json\/wp\/v2\/posts\/69712\/revisions"}],"predecessor-version":[{"id":69714,"href":"https:\/\/eldiariodesanpedro.com.ar\/sitio\/wp-json\/wp\/v2\/posts\/69712\/revisions\/69714"}],"wp:featuredmedia":[{"embeddable":true,"href":"https:\/\/eldiariodesanpedro.com.ar\/sitio\/wp-json\/wp\/v2\/media\/69713"}],"wp:attachment":[{"href":"https:\/\/eldiariodesanpedro.com.ar\/sitio\/wp-json\/wp\/v2\/media?parent=69712"}],"wp:term":[{"taxonomy":"category","embeddable":true,"href":"https:\/\/eldiariodesanpedro.com.ar\/sitio\/wp-json\/wp\/v2\/categories?post=69712"},{"taxonomy":"post_tag","embeddable":true,"href":"https:\/\/eldiariodesanpedro.com.ar\/sitio\/wp-json\/wp\/v2\/tags?post=69712"}],"curies":[{"name":"wp","href":"https:\/\/api.w.org\/{rel}","templated":true}]}}