{"id":69709,"date":"2020-03-04T11:40:10","date_gmt":"2020-03-04T14:40:10","guid":{"rendered":"https:\/\/eldiariodesanpedro.com.ar\/sitio\/?p=69709"},"modified":"2020-03-04T11:40:16","modified_gmt":"2020-03-04T14:40:16","slug":"san-nicolas-detuvieron-al-acusado-de-balear-al-nino-de-6-anos","status":"publish","type":"post","link":"https:\/\/eldiariodesanpedro.com.ar\/sitio\/san-nicolas-detuvieron-al-acusado-de-balear-al-nino-de-6-anos\/","title":{"rendered":"SAN NICOL\u00c1S | Detuvieron al acusado de balear al ni\u00f1o de 6 a\u00f1os"},"content":{"rendered":"<!-- VideographyWP Plugin Message: Automatic video embedding prevented by plugin options. -->\n\n<p>\n\nPersonal de la Polic\u00eda Local logr\u00f3 la detenci\u00f3n de Leonardo Franco de 19 a\u00f1os acusado de tentativa de homicidio. El sujeto ten\u00eda pedido de captura activo desde el 28 de febrero pasado a solicitud de la UFI 2.<\/p>\n\n\n\n<p>Fue aprehendido por personal de Polic\u00eda Local y Comisar\u00eda Tercera en calle Rojas 1382. Est\u00e1 acusado de efectuar disparos con un arma de fuego en un enfrentamiento vecinal en barrio San Jorge, donde una de las bala alcanz\u00f3 a un ni\u00f1o de 6 a\u00f1os.<\/p>\n\n\n\n<p>Nelson David Vallejos, el ni\u00f1o de 6 a\u00f1os, hab\u00eda recibido el disparo en su pierna derecha el pasado 6 de febrero en barrio San Jorge. El menor estaba en la vereda cuando dos sujetos se enfrentaron y empezaron a disparar.<\/p>\n\n\n\n<p>Una de las balas impact\u00f3 en el cuerpo de Nelson quien fue trasladado de urgencia al Hospital San Felipe. Tras dos d\u00edas de internaci\u00f3n fue dado de alta.<\/p>\n\n\n\n<p>Fuente: Diario El Informante<\/p>\n","protected":false},"excerpt":{"rendered":"<p>Personal de la Polic\u00eda Local logr\u00f3 la detenci\u00f3n de Leonardo Franco de 19 a\u00f1os acusado de tentativa de homicidio. El sujeto ten\u00eda pedido de captura activo desde el 28 de febrero pasado a solicitud de la UFI 2. Fue aprehendido por personal de Polic\u00eda Local y Comisar\u00eda Tercera en calle Rojas 1382. Est\u00e1 acusado de [&hellip;]<\/p>\n","protected":false},"author":4,"featured_media":69710,"comment_status":"open","ping_status":"closed","sticky":false,"template":"","format":"standard","meta":{"om_disable_all_campaigns":false,"_jetpack_memberships_contains_paid_content":false,"footnotes":""},"categories":[621],"tags":[],"class_list":["post-69709","post","type-post","status-publish","format-standard","has-post-thumbnail","hentry","category-regionales"],"aioseo_notices":[],"gutentor_comment":0,"jetpack_featured_media_url":"https:\/\/eldiariodesanpedro.com.ar\/sitio\/wp-content\/uploads\/2020\/03\/conmarca24960.jpg","jetpack_shortlink":"https:\/\/wp.me\/p6RhLt-i8l","jetpack_sharing_enabled":true,"_links":{"self":[{"href":"https:\/\/eldiariodesanpedro.com.ar\/sitio\/wp-json\/wp\/v2\/posts\/69709","targetHints":{"allow":["GET"]}}],"collection":[{"href":"https:\/\/eldiariodesanpedro.com.ar\/sitio\/wp-json\/wp\/v2\/posts"}],"about":[{"href":"https:\/\/eldiariodesanpedro.com.ar\/sitio\/wp-json\/wp\/v2\/types\/post"}],"author":[{"embeddable":true,"href":"https:\/\/eldiariodesanpedro.com.ar\/sitio\/wp-json\/wp\/v2\/users\/4"}],"replies":[{"embeddable":true,"href":"https:\/\/eldiariodesanpedro.com.ar\/sitio\/wp-json\/wp\/v2\/comments?post=69709"}],"version-history":[{"count":1,"href":"https:\/\/eldiariodesanpedro.com.ar\/sitio\/wp-json\/wp\/v2\/posts\/69709\/revisions"}],"predecessor-version":[{"id":69711,"href":"https:\/\/eldiariodesanpedro.com.ar\/sitio\/wp-json\/wp\/v2\/posts\/69709\/revisions\/69711"}],"wp:featuredmedia":[{"embeddable":true,"href":"https:\/\/eldiariodesanpedro.com.ar\/sitio\/wp-json\/wp\/v2\/media\/69710"}],"wp:attachment":[{"href":"https:\/\/eldiariodesanpedro.com.ar\/sitio\/wp-json\/wp\/v2\/media?parent=69709"}],"wp:term":[{"taxonomy":"category","embeddable":true,"href":"https:\/\/eldiariodesanpedro.com.ar\/sitio\/wp-json\/wp\/v2\/categories?post=69709"},{"taxonomy":"post_tag","embeddable":true,"href":"https:\/\/eldiariodesanpedro.com.ar\/sitio\/wp-json\/wp\/v2\/tags?post=69709"}],"curies":[{"name":"wp","href":"https:\/\/api.w.org\/{rel}","templated":true}]}}