{"id":69698,"date":"2020-03-04T11:26:47","date_gmt":"2020-03-04T14:26:47","guid":{"rendered":"https:\/\/eldiariodesanpedro.com.ar\/sitio\/?p=69698"},"modified":"2020-03-04T11:35:19","modified_gmt":"2020-03-04T14:35:19","slug":"el-juez-pratti-dicto-la-prision-preventiva-al-policia-acusado-de-matar-a-gabriel-luna","status":"publish","type":"post","link":"https:\/\/eldiariodesanpedro.com.ar\/sitio\/el-juez-pratti-dicto-la-prision-preventiva-al-policia-acusado-de-matar-a-gabriel-luna\/","title":{"rendered":"El Juez Pratti dict\u00f3 la prisi\u00f3n preventiva al policia acusado de matar a Gabriel Luna"},"content":{"rendered":"<!-- VideographyWP Plugin Message: Automatic video embedding prevented by plugin options. -->\n\n<p>El juzgado de garant\u00edas hizo lugar al pedido del fiscal Hern\u00e1n Granda y dict\u00f3 el procesamiento del funcionario acusado de matar a Gabriel Luna.\u00a0<\/p>\n\n\n\n<p>Como era de suponer el Juez de Garant\u00edas Ricardo Pratti\u00a0orden\u00f3 la prisi\u00f3n preventiva del polic\u00eda Facundo G\u00f3mez luego de que el fiscal Hern\u00e1n Granda solicitara la medida al advertir que el propio funcionario de responsabilizara del disparo que mat\u00f3 al joven.<\/p>\n\n\n\n<p>De todos modos, el Dr. Pratti tambi\u00e9n hizo lugar al pedido de la defensa del acusado, el Dr. Hugo Lima, quien hab\u00eda solicitado el arresto domiciliario, y finalmente el polic\u00eda acompa\u00f1ar\u00e1 el proceso desde su domicilio en Gdor. Castro.&nbsp;<\/p>\n\n\n\n<p>El hecho se produjo el pasado 24 de enero y Luna muri\u00f3 en horas de la madrugada cuando tras participar de un incidente callejero se introdujo en la casa de su familia. Desde su propio entorno convocaron a la polic\u00eda que ingres\u00f3 al domicilio y en un confuso episodio uno de los efectivos dispar\u00f3 a corta distancia con posta de goma hacia la humanidad de Luna quien muri\u00f3 en el acto.\u00a0<\/p>\n\n\n\n<p>Fuente: San Pedro Informa<\/p>\n","protected":false},"excerpt":{"rendered":"<p>El juzgado de garant\u00edas hizo lugar al pedido del fiscal Hern\u00e1n Granda y dict\u00f3 el procesamiento del funcionario acusado de matar a Gabriel Luna.\u00a0 Como era de suponer el Juez de Garant\u00edas Ricardo Pratti\u00a0orden\u00f3 la prisi\u00f3n preventiva del polic\u00eda Facundo G\u00f3mez luego de que el fiscal Hern\u00e1n Granda solicitara la medida al advertir que el [&hellip;]<\/p>\n","protected":false},"author":4,"featured_media":69699,"comment_status":"open","ping_status":"closed","sticky":false,"template":"","format":"standard","meta":{"om_disable_all_campaigns":false,"_jetpack_memberships_contains_paid_content":false,"footnotes":""},"categories":[50,2,103],"tags":[],"class_list":["post-69698","post","type-post","status-publish","format-standard","has-post-thumbnail","hentry","category-destacadas","category-locales","category-policiales-locales"],"aioseo_notices":[],"gutentor_comment":0,"jetpack_featured_media_url":"https:\/\/eldiariodesanpedro.com.ar\/sitio\/wp-content\/uploads\/2020\/03\/000082508.jpg","jetpack_shortlink":"https:\/\/wp.me\/p6RhLt-i8a","jetpack_sharing_enabled":true,"_links":{"self":[{"href":"https:\/\/eldiariodesanpedro.com.ar\/sitio\/wp-json\/wp\/v2\/posts\/69698","targetHints":{"allow":["GET"]}}],"collection":[{"href":"https:\/\/eldiariodesanpedro.com.ar\/sitio\/wp-json\/wp\/v2\/posts"}],"about":[{"href":"https:\/\/eldiariodesanpedro.com.ar\/sitio\/wp-json\/wp\/v2\/types\/post"}],"author":[{"embeddable":true,"href":"https:\/\/eldiariodesanpedro.com.ar\/sitio\/wp-json\/wp\/v2\/users\/4"}],"replies":[{"embeddable":true,"href":"https:\/\/eldiariodesanpedro.com.ar\/sitio\/wp-json\/wp\/v2\/comments?post=69698"}],"version-history":[{"count":2,"href":"https:\/\/eldiariodesanpedro.com.ar\/sitio\/wp-json\/wp\/v2\/posts\/69698\/revisions"}],"predecessor-version":[{"id":69702,"href":"https:\/\/eldiariodesanpedro.com.ar\/sitio\/wp-json\/wp\/v2\/posts\/69698\/revisions\/69702"}],"wp:featuredmedia":[{"embeddable":true,"href":"https:\/\/eldiariodesanpedro.com.ar\/sitio\/wp-json\/wp\/v2\/media\/69699"}],"wp:attachment":[{"href":"https:\/\/eldiariodesanpedro.com.ar\/sitio\/wp-json\/wp\/v2\/media?parent=69698"}],"wp:term":[{"taxonomy":"category","embeddable":true,"href":"https:\/\/eldiariodesanpedro.com.ar\/sitio\/wp-json\/wp\/v2\/categories?post=69698"},{"taxonomy":"post_tag","embeddable":true,"href":"https:\/\/eldiariodesanpedro.com.ar\/sitio\/wp-json\/wp\/v2\/tags?post=69698"}],"curies":[{"name":"wp","href":"https:\/\/api.w.org\/{rel}","templated":true}]}}