{"id":69686,"date":"2020-03-04T10:40:12","date_gmt":"2020-03-04T13:40:12","guid":{"rendered":"https:\/\/eldiariodesanpedro.com.ar\/sitio\/?p=69686"},"modified":"2020-03-04T10:40:16","modified_gmt":"2020-03-04T13:40:16","slug":"roban-en-una-vivienda-y-una-moto-en-via-publica","status":"publish","type":"post","link":"https:\/\/eldiariodesanpedro.com.ar\/sitio\/roban-en-una-vivienda-y-una-moto-en-via-publica\/","title":{"rendered":"Roban en una vivienda y una moto en via publica"},"content":{"rendered":"<!-- VideographyWP Plugin Message: Automatic video embedding prevented by plugin options. -->\n\n<p>Se recibi\u00f3 una denuncia en la comisar\u00eda local donde una mujer mayor de edad declara que el pasado domingo al retirarse de su domicilio ubicado en calle Thorne al 500 al regresar alrededor de 05 hs del domingo constata que autores ignorados ingresaron a la vivienda y dentro del garage ingresan en el autom\u00f3vil estacionado y sin causar da\u00f1os robaron varias pertenencias del valor que se encontraban dentro del mismo.<\/p>\n\n\n\n<p>Este martes en una vivienda ubicada en calle Facundo Quiroga y Combate de Obligado se encontraba estacionada en la v\u00eda p\u00fablica una motocicleta tipo 110 cc perteneciente a una mujer mayor de edad que fue sustra\u00edda por un delincuentes al momento que ella se encuentra dentro del domicilio.<\/p>\n","protected":false},"excerpt":{"rendered":"<p>Se recibi\u00f3 una denuncia en la comisar\u00eda local donde una mujer mayor de edad declara que el pasado domingo al retirarse de su domicilio ubicado en calle Thorne al 500 al regresar alrededor de 05 hs del domingo constata que autores ignorados ingresaron a la vivienda y dentro del garage ingresan en el autom\u00f3vil estacionado [&hellip;]<\/p>\n","protected":false},"author":4,"featured_media":45394,"comment_status":"open","ping_status":"closed","sticky":false,"template":"","format":"standard","meta":{"om_disable_all_campaigns":false,"_jetpack_memberships_contains_paid_content":false,"footnotes":""},"categories":[2,103],"tags":[],"class_list":["post-69686","post","type-post","status-publish","format-standard","has-post-thumbnail","hentry","category-locales","category-policiales-locales"],"aioseo_notices":[],"gutentor_comment":0,"jetpack_featured_media_url":"https:\/\/eldiariodesanpedro.com.ar\/sitio\/wp-content\/uploads\/2019\/01\/comisaria.jpg","jetpack_shortlink":"https:\/\/wp.me\/p6RhLt-i7Y","jetpack_sharing_enabled":true,"_links":{"self":[{"href":"https:\/\/eldiariodesanpedro.com.ar\/sitio\/wp-json\/wp\/v2\/posts\/69686","targetHints":{"allow":["GET"]}}],"collection":[{"href":"https:\/\/eldiariodesanpedro.com.ar\/sitio\/wp-json\/wp\/v2\/posts"}],"about":[{"href":"https:\/\/eldiariodesanpedro.com.ar\/sitio\/wp-json\/wp\/v2\/types\/post"}],"author":[{"embeddable":true,"href":"https:\/\/eldiariodesanpedro.com.ar\/sitio\/wp-json\/wp\/v2\/users\/4"}],"replies":[{"embeddable":true,"href":"https:\/\/eldiariodesanpedro.com.ar\/sitio\/wp-json\/wp\/v2\/comments?post=69686"}],"version-history":[{"count":1,"href":"https:\/\/eldiariodesanpedro.com.ar\/sitio\/wp-json\/wp\/v2\/posts\/69686\/revisions"}],"predecessor-version":[{"id":69687,"href":"https:\/\/eldiariodesanpedro.com.ar\/sitio\/wp-json\/wp\/v2\/posts\/69686\/revisions\/69687"}],"wp:featuredmedia":[{"embeddable":true,"href":"https:\/\/eldiariodesanpedro.com.ar\/sitio\/wp-json\/wp\/v2\/media\/45394"}],"wp:attachment":[{"href":"https:\/\/eldiariodesanpedro.com.ar\/sitio\/wp-json\/wp\/v2\/media?parent=69686"}],"wp:term":[{"taxonomy":"category","embeddable":true,"href":"https:\/\/eldiariodesanpedro.com.ar\/sitio\/wp-json\/wp\/v2\/categories?post=69686"},{"taxonomy":"post_tag","embeddable":true,"href":"https:\/\/eldiariodesanpedro.com.ar\/sitio\/wp-json\/wp\/v2\/tags?post=69686"}],"curies":[{"name":"wp","href":"https:\/\/api.w.org\/{rel}","templated":true}]}}