{"id":69682,"date":"2020-03-04T10:24:44","date_gmt":"2020-03-04T13:24:44","guid":{"rendered":"https:\/\/eldiariodesanpedro.com.ar\/sitio\/?p=69682"},"modified":"2020-03-04T10:41:42","modified_gmt":"2020-03-04T13:41:42","slug":"allanamiento-por-abuso-de-armas-en-la-bajada-de-chavez","status":"publish","type":"post","link":"https:\/\/eldiariodesanpedro.com.ar\/sitio\/allanamiento-por-abuso-de-armas-en-la-bajada-de-chavez\/","title":{"rendered":"Allanamiento por abuso de armas en la Bajada de Ch\u00e1vez"},"content":{"rendered":"<!-- VideographyWP Plugin Message: Automatic video embedding prevented by plugin options. -->\n\n<p>Tras varias r\u00e1pidas investigaciones por parte del Gabinete Criminol\u00f3gico de la comisar\u00eda local se realizaron allanamientos en la zona de la \u201cBajada de Ch\u00e1vez\u201d tras problemas ocasionados durante la jornada de mi\u00e9rcoles.&nbsp;<\/p>\n\n\n\n<p>Se realiz\u00f3 un amplio operativo ya que desde las primeras horas de este martes se recibieron diferentes llamados al 911 denunciando que en la zona, un ciudadano se encontraba realizando disparos al aire.<\/p>\n\n\n\n<p>Por lo que se procedi\u00f3 a r\u00e1pidos allanamientos autorizados de urgencia por la justicia local. Los operativos fueron concretados en un domicilio de Calle Saavedra y Bajada de Ch\u00e1vez con resultado negativo en cuanto a secuestro de armas.<\/p>\n\n\n\n<p>Por la denuncia de los vecinos el autor de los disparos ya fue identificado y la fiscal\u00eda contin\u00faa con la investigaci\u00f3n.<\/p>\n\n\n\n<figure class=\"wp-block-image size-large\"><img decoding=\"async\" width=\"1024\" height=\"768\" data-attachment-id=\"69683\" data-permalink=\"https:\/\/eldiariodesanpedro.com.ar\/sitio\/allanamiento-por-abuso-de-armas-en-la-bajada-de-chavez\/whatsapp-image-2020-03-04-at-10-12-27-1\/\" data-orig-file=\"https:\/\/eldiariodesanpedro.com.ar\/sitio\/wp-content\/uploads\/2020\/03\/WhatsApp-Image-2020-03-04-at-10.12.27-1.jpeg\" data-orig-size=\"1152,864\" data-comments-opened=\"1\" data-image-meta=\"{&quot;aperture&quot;:&quot;0&quot;,&quot;credit&quot;:&quot;&quot;,&quot;camera&quot;:&quot;&quot;,&quot;caption&quot;:&quot;&quot;,&quot;created_timestamp&quot;:&quot;0&quot;,&quot;copyright&quot;:&quot;&quot;,&quot;focal_length&quot;:&quot;0&quot;,&quot;iso&quot;:&quot;0&quot;,&quot;shutter_speed&quot;:&quot;0&quot;,&quot;title&quot;:&quot;&quot;,&quot;orientation&quot;:&quot;0&quot;}\" data-image-title=\"WhatsApp Image 2020-03-04 at 10.12.27 (1)\" data-image-description=\"\" data-image-caption=\"\" data-large-file=\"https:\/\/eldiariodesanpedro.com.ar\/sitio\/wp-content\/uploads\/2020\/03\/WhatsApp-Image-2020-03-04-at-10.12.27-1-1024x768.jpeg\" data-src=\"https:\/\/eldiariodesanpedro.com.ar\/sitio\/wp-content\/uploads\/2020\/03\/WhatsApp-Image-2020-03-04-at-10.12.27-1-1024x768.jpeg\" alt=\"\" class=\"wp-image-69683 lazyload\" data-srcset=\"https:\/\/eldiariodesanpedro.com.ar\/sitio\/wp-content\/uploads\/2020\/03\/WhatsApp-Image-2020-03-04-at-10.12.27-1-1024x768.jpeg 1024w, https:\/\/eldiariodesanpedro.com.ar\/sitio\/wp-content\/uploads\/2020\/03\/WhatsApp-Image-2020-03-04-at-10.12.27-1-300x225.jpeg 300w, https:\/\/eldiariodesanpedro.com.ar\/sitio\/wp-content\/uploads\/2020\/03\/WhatsApp-Image-2020-03-04-at-10.12.27-1-768x576.jpeg 768w, https:\/\/eldiariodesanpedro.com.ar\/sitio\/wp-content\/uploads\/2020\/03\/WhatsApp-Image-2020-03-04-at-10.12.27-1-500x375.jpeg 500w, https:\/\/eldiariodesanpedro.com.ar\/sitio\/wp-content\/uploads\/2020\/03\/WhatsApp-Image-2020-03-04-at-10.12.27-1.jpeg 1152w\" data-sizes=\"(max-width: 1024px) 100vw, 1024px\" src=\"data:image\/svg+xml;base64,PHN2ZyB3aWR0aD0iMSIgaGVpZ2h0PSIxIiB4bWxucz0iaHR0cDovL3d3dy53My5vcmcvMjAwMC9zdmciPjwvc3ZnPg==\" style=\"--smush-placeholder-width: 1024px; --smush-placeholder-aspect-ratio: 1024\/768;\" \/><\/figure>\n\n\n\n<figure class=\"wp-block-image size-large\"><img decoding=\"async\" width=\"1024\" height=\"768\" data-attachment-id=\"69684\" data-permalink=\"https:\/\/eldiariodesanpedro.com.ar\/sitio\/allanamiento-por-abuso-de-armas-en-la-bajada-de-chavez\/whatsapp-image-2020-03-04-at-10-12-27\/\" data-orig-file=\"https:\/\/eldiariodesanpedro.com.ar\/sitio\/wp-content\/uploads\/2020\/03\/WhatsApp-Image-2020-03-04-at-10.12.27.jpeg\" data-orig-size=\"1280,960\" data-comments-opened=\"1\" data-image-meta=\"{&quot;aperture&quot;:&quot;0&quot;,&quot;credit&quot;:&quot;&quot;,&quot;camera&quot;:&quot;&quot;,&quot;caption&quot;:&quot;&quot;,&quot;created_timestamp&quot;:&quot;0&quot;,&quot;copyright&quot;:&quot;&quot;,&quot;focal_length&quot;:&quot;0&quot;,&quot;iso&quot;:&quot;0&quot;,&quot;shutter_speed&quot;:&quot;0&quot;,&quot;title&quot;:&quot;&quot;,&quot;orientation&quot;:&quot;0&quot;}\" data-image-title=\"WhatsApp Image 2020-03-04 at 10.12.27\" data-image-description=\"\" data-image-caption=\"\" data-large-file=\"https:\/\/eldiariodesanpedro.com.ar\/sitio\/wp-content\/uploads\/2020\/03\/WhatsApp-Image-2020-03-04-at-10.12.27-1024x768.jpeg\" data-src=\"https:\/\/eldiariodesanpedro.com.ar\/sitio\/wp-content\/uploads\/2020\/03\/WhatsApp-Image-2020-03-04-at-10.12.27-1024x768.jpeg\" alt=\"\" class=\"wp-image-69684 lazyload\" data-srcset=\"https:\/\/eldiariodesanpedro.com.ar\/sitio\/wp-content\/uploads\/2020\/03\/WhatsApp-Image-2020-03-04-at-10.12.27-1024x768.jpeg 1024w, https:\/\/eldiariodesanpedro.com.ar\/sitio\/wp-content\/uploads\/2020\/03\/WhatsApp-Image-2020-03-04-at-10.12.27-300x225.jpeg 300w, https:\/\/eldiariodesanpedro.com.ar\/sitio\/wp-content\/uploads\/2020\/03\/WhatsApp-Image-2020-03-04-at-10.12.27-768x576.jpeg 768w, https:\/\/eldiariodesanpedro.com.ar\/sitio\/wp-content\/uploads\/2020\/03\/WhatsApp-Image-2020-03-04-at-10.12.27-500x375.jpeg 500w, https:\/\/eldiariodesanpedro.com.ar\/sitio\/wp-content\/uploads\/2020\/03\/WhatsApp-Image-2020-03-04-at-10.12.27.jpeg 1280w\" data-sizes=\"(max-width: 1024px) 100vw, 1024px\" src=\"data:image\/svg+xml;base64,PHN2ZyB3aWR0aD0iMSIgaGVpZ2h0PSIxIiB4bWxucz0iaHR0cDovL3d3dy53My5vcmcvMjAwMC9zdmciPjwvc3ZnPg==\" style=\"--smush-placeholder-width: 1024px; --smush-placeholder-aspect-ratio: 1024\/768;\" \/><\/figure>\n","protected":false},"excerpt":{"rendered":"<p>Tras varias r\u00e1pidas investigaciones por parte del Gabinete Criminol\u00f3gico de la comisar\u00eda local se realizaron allanamientos en la zona de la \u201cBajada de Ch\u00e1vez\u201d tras problemas ocasionados durante la jornada de mi\u00e9rcoles.&nbsp; Se realiz\u00f3 un amplio operativo ya que desde las primeras horas de este martes se recibieron diferentes llamados al 911 denunciando que en [&hellip;]<\/p>\n","protected":false},"author":4,"featured_media":69681,"comment_status":"open","ping_status":"closed","sticky":false,"template":"","format":"standard","meta":{"om_disable_all_campaigns":false,"_jetpack_memberships_contains_paid_content":false,"footnotes":""},"categories":[50,2,103],"tags":[],"class_list":["post-69682","post","type-post","status-publish","format-standard","has-post-thumbnail","hentry","category-destacadas","category-locales","category-policiales-locales"],"aioseo_notices":[],"gutentor_comment":0,"jetpack_featured_media_url":"https:\/\/eldiariodesanpedro.com.ar\/sitio\/wp-content\/uploads\/2020\/03\/20200303_111325-scaled.jpg","jetpack_shortlink":"https:\/\/wp.me\/p6RhLt-i7U","jetpack_sharing_enabled":true,"_links":{"self":[{"href":"https:\/\/eldiariodesanpedro.com.ar\/sitio\/wp-json\/wp\/v2\/posts\/69682","targetHints":{"allow":["GET"]}}],"collection":[{"href":"https:\/\/eldiariodesanpedro.com.ar\/sitio\/wp-json\/wp\/v2\/posts"}],"about":[{"href":"https:\/\/eldiariodesanpedro.com.ar\/sitio\/wp-json\/wp\/v2\/types\/post"}],"author":[{"embeddable":true,"href":"https:\/\/eldiariodesanpedro.com.ar\/sitio\/wp-json\/wp\/v2\/users\/4"}],"replies":[{"embeddable":true,"href":"https:\/\/eldiariodesanpedro.com.ar\/sitio\/wp-json\/wp\/v2\/comments?post=69682"}],"version-history":[{"count":2,"href":"https:\/\/eldiariodesanpedro.com.ar\/sitio\/wp-json\/wp\/v2\/posts\/69682\/revisions"}],"predecessor-version":[{"id":69690,"href":"https:\/\/eldiariodesanpedro.com.ar\/sitio\/wp-json\/wp\/v2\/posts\/69682\/revisions\/69690"}],"wp:featuredmedia":[{"embeddable":true,"href":"https:\/\/eldiariodesanpedro.com.ar\/sitio\/wp-json\/wp\/v2\/media\/69681"}],"wp:attachment":[{"href":"https:\/\/eldiariodesanpedro.com.ar\/sitio\/wp-json\/wp\/v2\/media?parent=69682"}],"wp:term":[{"taxonomy":"category","embeddable":true,"href":"https:\/\/eldiariodesanpedro.com.ar\/sitio\/wp-json\/wp\/v2\/categories?post=69682"},{"taxonomy":"post_tag","embeddable":true,"href":"https:\/\/eldiariodesanpedro.com.ar\/sitio\/wp-json\/wp\/v2\/tags?post=69682"}],"curies":[{"name":"wp","href":"https:\/\/api.w.org\/{rel}","templated":true}]}}