{"id":69674,"date":"2020-03-04T09:52:45","date_gmt":"2020-03-04T12:52:45","guid":{"rendered":"https:\/\/eldiariodesanpedro.com.ar\/sitio\/?p=69674"},"modified":"2020-03-04T09:52:52","modified_gmt":"2020-03-04T12:52:52","slug":"la-sociedad-rural-de-san-pedro-disconforme-con-la-mesa-de-enlace","status":"publish","type":"post","link":"https:\/\/eldiariodesanpedro.com.ar\/sitio\/la-sociedad-rural-de-san-pedro-disconforme-con-la-mesa-de-enlace\/","title":{"rendered":"La Sociedad Rural de San Pedro disconforme con la Mesa de Enlace"},"content":{"rendered":"<!-- VideographyWP Plugin Message: Automatic video embedding prevented by plugin options. -->\n\n<p>La Sociedad Rural de San Pedro envio un comunicado a los medios donde claramente se sienten defraudados por la representantes de la mes de enlace que se reunio con el gobierno y permitira el aumento de las nuevas retenciones. <\/p>\n\n\n\n<p> \u00abDefraudados y preocupados, los productores de nuestra zona y seguramente miles en todo el pa\u00eds, hoy sentimos que quienes nos representan y nos defienden, no quieren o no pueden interpretar nuestro mensaje.<\/p>\n\n\n\n<p>El presidente de la naci\u00f3n evit\u00f3 incluir en su discurso lo que ya estaba decidido y despu\u00e9s de \u00abbuenas reuniones\u00bb en las que, evidentemente, se acord\u00f3 el maquillaje, nuevamente ser\u00e1 el campo el que pagar\u00e1 las deudas y los costos de una crisis que NO GENERAMOS.<\/p>\n\n\n\n<p>La Mesa de Enlace acept\u00f3 lo que las bases rechazaron a viva voz y seguramente el reclamo se har\u00e1 sentir nuevamente ahora, no s\u00f3lo contra un gobierno cuya posici\u00f3n conocemos, sino tambi\u00e9n contra aquellos que deber\u00edan honrar lo que juntos logramos en el 2008 y que estos dirigentes parecen no haber vivido\u00bb. <\/p>\n","protected":false},"excerpt":{"rendered":"<p>La Sociedad Rural de San Pedro envio un comunicado a los medios donde claramente se sienten defraudados por la representantes de la mes de enlace que se reunio con el gobierno y permitira el aumento de las nuevas retenciones. \u00abDefraudados y preocupados, los productores de nuestra zona y seguramente miles en todo el pa\u00eds, hoy [&hellip;]<\/p>\n","protected":false},"author":4,"featured_media":69675,"comment_status":"open","ping_status":"closed","sticky":false,"template":"","format":"standard","meta":{"om_disable_all_campaigns":false,"_jetpack_memberships_contains_paid_content":false,"footnotes":""},"categories":[50,101,2],"tags":[],"class_list":["post-69674","post","type-post","status-publish","format-standard","has-post-thumbnail","hentry","category-destacadas","category-interes-general-locales","category-locales"],"aioseo_notices":[],"gutentor_comment":0,"jetpack_featured_media_url":"https:\/\/eldiariodesanpedro.com.ar\/sitio\/wp-content\/uploads\/2020\/03\/mesa.png_258117318.png","jetpack_shortlink":"https:\/\/wp.me\/p6RhLt-i7M","jetpack_sharing_enabled":true,"_links":{"self":[{"href":"https:\/\/eldiariodesanpedro.com.ar\/sitio\/wp-json\/wp\/v2\/posts\/69674","targetHints":{"allow":["GET"]}}],"collection":[{"href":"https:\/\/eldiariodesanpedro.com.ar\/sitio\/wp-json\/wp\/v2\/posts"}],"about":[{"href":"https:\/\/eldiariodesanpedro.com.ar\/sitio\/wp-json\/wp\/v2\/types\/post"}],"author":[{"embeddable":true,"href":"https:\/\/eldiariodesanpedro.com.ar\/sitio\/wp-json\/wp\/v2\/users\/4"}],"replies":[{"embeddable":true,"href":"https:\/\/eldiariodesanpedro.com.ar\/sitio\/wp-json\/wp\/v2\/comments?post=69674"}],"version-history":[{"count":1,"href":"https:\/\/eldiariodesanpedro.com.ar\/sitio\/wp-json\/wp\/v2\/posts\/69674\/revisions"}],"predecessor-version":[{"id":69676,"href":"https:\/\/eldiariodesanpedro.com.ar\/sitio\/wp-json\/wp\/v2\/posts\/69674\/revisions\/69676"}],"wp:featuredmedia":[{"embeddable":true,"href":"https:\/\/eldiariodesanpedro.com.ar\/sitio\/wp-json\/wp\/v2\/media\/69675"}],"wp:attachment":[{"href":"https:\/\/eldiariodesanpedro.com.ar\/sitio\/wp-json\/wp\/v2\/media?parent=69674"}],"wp:term":[{"taxonomy":"category","embeddable":true,"href":"https:\/\/eldiariodesanpedro.com.ar\/sitio\/wp-json\/wp\/v2\/categories?post=69674"},{"taxonomy":"post_tag","embeddable":true,"href":"https:\/\/eldiariodesanpedro.com.ar\/sitio\/wp-json\/wp\/v2\/tags?post=69674"}],"curies":[{"name":"wp","href":"https:\/\/api.w.org\/{rel}","templated":true}]}}