{"id":69666,"date":"2020-03-03T16:49:37","date_gmt":"2020-03-03T19:49:37","guid":{"rendered":"https:\/\/eldiariodesanpedro.com.ar\/sitio\/?p=69666"},"modified":"2020-03-03T16:49:44","modified_gmt":"2020-03-03T19:49:44","slug":"coronavirus-municipalidad-y-puerto-con-organizaciones-sanitarias-y-fronterizas-para-actualizar-protocolo-epidemiologico","status":"publish","type":"post","link":"https:\/\/eldiariodesanpedro.com.ar\/sitio\/coronavirus-municipalidad-y-puerto-con-organizaciones-sanitarias-y-fronterizas-para-actualizar-protocolo-epidemiologico\/","title":{"rendered":"Coronavirus: Municipalidad y Puerto con organizaciones sanitarias y fronterizas para actualizar protocolo epidemiol\u00f3gico"},"content":{"rendered":"<!-- VideographyWP Plugin Message: Automatic video embedding prevented by plugin options. -->\n\n<p> En la Secretar\u00eda de Gobierno de la Municipalidad de San Pedro tuvo lugar esta ma\u00f1ana una reuni\u00f3n convocada a partir de la recepci\u00f3n, en el Consorcio de Gesti\u00f3n del Puerto de San Pedro, de una actualizaci\u00f3n de los protocolos vigentes con relaci\u00f3n a las medidas de refuerzo de los planes de contingencia en los puntos de entrada al pa\u00eds, en el marco de la situaci\u00f3n epidemiol\u00f3gica por el \u00abCOVID-19\u00bb, Coronavirus.<\/p>\n\n\n\n<p>Desde la Subsecretar\u00eda de Puertos, V\u00edas Navegables y Marina Mercante se informaron las medidas que comparten las secretarias y ministerios con competencia en el tema, y a nivel local se decidi\u00f3 generar un encuentro con las organizaciones que tienen intervenci\u00f3n en aspectos relacionados.<\/p>\n\n\n\n<p>El Secretario de Gobierno Silvio Corti, el Secretario de Salud Guillermo Sancho y el Presidente del Consorcio de Gesti\u00f3n Eliseo Almada, recibieron a representantes de Prefectura, ADUANA, Migraciones, \u00a0SENASA, Gremios de la Actividad y Agencia Mar\u00edtima, quienes expusieron las directivas que cada organismo ha ido recibiendo, y compartieron la informaci\u00f3n recibida a trav\u00e9s del Puerto, en la que se instruye para que ante casos sospechosos se notifique a la autoridad de referencia de la Direcci\u00f3n Nacional de Habilitaci\u00f3n, Fiscalizaci\u00f3n y Sanidad de Fronteras.<\/p>\n\n\n\n<p>El documento del protocolo que se adjunta en esta comunicaci\u00f3n repasa las medidas preventivas conocidas, m\u00e1s una serie de procedimientos que deben cumplirse especialmente en puertos y zonas fronterizas.<br>En la reuni\u00f3n mantenida en la Municipalidad, se destaca que las instrucciones \u00abse ajustan a la realidad actual y est\u00e1n sujetas a permanentes actualizaciones seg\u00fan las mejores evidencias aportadas por los expertos en la materia ante la respectiva situaci\u00f3n epidemiol\u00f3gica\u00bb.<\/p>\n\n\n\n<p>Los representantes locales de los sectores involucrados quedaron a disposici\u00f3n de las autoridades municipales y portuarias para continuar en conjunto el seguimiento del tema.<\/p>\n\n\n\n<p>M\u00e1s informaci\u00f3n aqui:\u00a0<a rel=\"noreferrer noopener\" href=\"https:\/\/bit.ly\/39pkQBq\" target=\"_blank\">https:\/\/bit.ly\/39pkQBq<\/a> <\/p>\n\n\n<a href=\"https:\/\/eldiariodesanpedro.com.ar\/sitio\/wp-content\/uploads\/2020\/03\/Refuerzo-Plan-de-Contingencia-COVID-19.pdf\" class=\"pdfemb-viewer\" style=\"\" data-width=\"max\" data-height=\"max\" data-toolbar=\"bottom\" data-toolbar-fixed=\"off\">Refuerzo-Plan-de-Contingencia-COVID-19<\/a>\n<p class=\"wp-block-pdfemb-pdf-embedder-viewer\"><\/p>\n\n\n\n<figure class=\"wp-block-image size-large\"><img decoding=\"async\" width=\"1024\" height=\"683\" data-attachment-id=\"69670\" data-permalink=\"https:\/\/eldiariodesanpedro.com.ar\/sitio\/coronavirus-municipalidad-y-puerto-con-organizaciones-sanitarias-y-fronterizas-para-actualizar-protocolo-epidemiologico\/3-78\/\" data-orig-file=\"https:\/\/eldiariodesanpedro.com.ar\/sitio\/wp-content\/uploads\/2020\/03\/3-scaled.jpg\" data-orig-size=\"2560,1707\" data-comments-opened=\"1\" data-image-meta=\"{&quot;aperture&quot;:&quot;4&quot;,&quot;credit&quot;:&quot;&quot;,&quot;camera&quot;:&quot;Canon EOS 5D Mark III&quot;,&quot;caption&quot;:&quot;&quot;,&quot;created_timestamp&quot;:&quot;1590919341&quot;,&quot;copyright&quot;:&quot;&quot;,&quot;focal_length&quot;:&quot;90&quot;,&quot;iso&quot;:&quot;1600&quot;,&quot;shutter_speed&quot;:&quot;0.016666666666667&quot;,&quot;title&quot;:&quot;&quot;,&quot;orientation&quot;:&quot;0&quot;}\" data-image-title=\"3\" data-image-description=\"\" data-image-caption=\"\" data-large-file=\"https:\/\/eldiariodesanpedro.com.ar\/sitio\/wp-content\/uploads\/2020\/03\/3-1024x683.jpg\" data-src=\"https:\/\/eldiariodesanpedro.com.ar\/sitio\/wp-content\/uploads\/2020\/03\/3-1024x683.jpg\" alt=\"\" class=\"wp-image-69670 lazyload\" data-srcset=\"https:\/\/eldiariodesanpedro.com.ar\/sitio\/wp-content\/uploads\/2020\/03\/3-1024x683.jpg 1024w, https:\/\/eldiariodesanpedro.com.ar\/sitio\/wp-content\/uploads\/2020\/03\/3-300x200.jpg 300w, https:\/\/eldiariodesanpedro.com.ar\/sitio\/wp-content\/uploads\/2020\/03\/3-768x512.jpg 768w, https:\/\/eldiariodesanpedro.com.ar\/sitio\/wp-content\/uploads\/2020\/03\/3-1536x1024.jpg 1536w, https:\/\/eldiariodesanpedro.com.ar\/sitio\/wp-content\/uploads\/2020\/03\/3-2048x1365.jpg 2048w\" data-sizes=\"(max-width: 1024px) 100vw, 1024px\" src=\"data:image\/svg+xml;base64,PHN2ZyB3aWR0aD0iMSIgaGVpZ2h0PSIxIiB4bWxucz0iaHR0cDovL3d3dy53My5vcmcvMjAwMC9zdmciPjwvc3ZnPg==\" style=\"--smush-placeholder-width: 1024px; --smush-placeholder-aspect-ratio: 1024\/683;\" \/><\/figure>\n\n\n\n<figure class=\"wp-block-image size-large\"><img decoding=\"async\" width=\"1024\" height=\"617\" data-attachment-id=\"69669\" data-permalink=\"https:\/\/eldiariodesanpedro.com.ar\/sitio\/coronavirus-municipalidad-y-puerto-con-organizaciones-sanitarias-y-fronterizas-para-actualizar-protocolo-epidemiologico\/2-97\/\" data-orig-file=\"https:\/\/eldiariodesanpedro.com.ar\/sitio\/wp-content\/uploads\/2020\/03\/2-1-scaled.jpg\" data-orig-size=\"2560,1542\" data-comments-opened=\"1\" data-image-meta=\"{&quot;aperture&quot;:&quot;4&quot;,&quot;credit&quot;:&quot;&quot;,&quot;camera&quot;:&quot;Canon EOS 5D Mark III&quot;,&quot;caption&quot;:&quot;&quot;,&quot;created_timestamp&quot;:&quot;1590919634&quot;,&quot;copyright&quot;:&quot;&quot;,&quot;focal_length&quot;:&quot;45&quot;,&quot;iso&quot;:&quot;1600&quot;,&quot;shutter_speed&quot;:&quot;0.016666666666667&quot;,&quot;title&quot;:&quot;&quot;,&quot;orientation&quot;:&quot;0&quot;}\" data-image-title=\"2\" data-image-description=\"\" data-image-caption=\"\" data-large-file=\"https:\/\/eldiariodesanpedro.com.ar\/sitio\/wp-content\/uploads\/2020\/03\/2-1-1024x617.jpg\" data-src=\"https:\/\/eldiariodesanpedro.com.ar\/sitio\/wp-content\/uploads\/2020\/03\/2-1-1024x617.jpg\" alt=\"\" class=\"wp-image-69669 lazyload\" data-srcset=\"https:\/\/eldiariodesanpedro.com.ar\/sitio\/wp-content\/uploads\/2020\/03\/2-1-1024x617.jpg 1024w, https:\/\/eldiariodesanpedro.com.ar\/sitio\/wp-content\/uploads\/2020\/03\/2-1-300x181.jpg 300w, https:\/\/eldiariodesanpedro.com.ar\/sitio\/wp-content\/uploads\/2020\/03\/2-1-768x463.jpg 768w, https:\/\/eldiariodesanpedro.com.ar\/sitio\/wp-content\/uploads\/2020\/03\/2-1-1536x925.jpg 1536w, https:\/\/eldiariodesanpedro.com.ar\/sitio\/wp-content\/uploads\/2020\/03\/2-1-2048x1234.jpg 2048w\" data-sizes=\"(max-width: 1024px) 100vw, 1024px\" src=\"data:image\/svg+xml;base64,PHN2ZyB3aWR0aD0iMSIgaGVpZ2h0PSIxIiB4bWxucz0iaHR0cDovL3d3dy53My5vcmcvMjAwMC9zdmciPjwvc3ZnPg==\" style=\"--smush-placeholder-width: 1024px; --smush-placeholder-aspect-ratio: 1024\/617;\" \/><\/figure>\n\n\n\n<figure class=\"wp-block-image size-large\"><img decoding=\"async\" width=\"1024\" height=\"683\" data-attachment-id=\"69671\" data-permalink=\"https:\/\/eldiariodesanpedro.com.ar\/sitio\/coronavirus-municipalidad-y-puerto-con-organizaciones-sanitarias-y-fronterizas-para-actualizar-protocolo-epidemiologico\/4-62\/\" data-orig-file=\"https:\/\/eldiariodesanpedro.com.ar\/sitio\/wp-content\/uploads\/2020\/03\/4-scaled.jpg\" data-orig-size=\"2560,1707\" data-comments-opened=\"1\" data-image-meta=\"{&quot;aperture&quot;:&quot;4&quot;,&quot;credit&quot;:&quot;&quot;,&quot;camera&quot;:&quot;Canon EOS 5D Mark III&quot;,&quot;caption&quot;:&quot;&quot;,&quot;created_timestamp&quot;:&quot;1590919005&quot;,&quot;copyright&quot;:&quot;&quot;,&quot;focal_length&quot;:&quot;99&quot;,&quot;iso&quot;:&quot;800&quot;,&quot;shutter_speed&quot;:&quot;0.0125&quot;,&quot;title&quot;:&quot;&quot;,&quot;orientation&quot;:&quot;0&quot;}\" data-image-title=\"4\" data-image-description=\"\" data-image-caption=\"\" data-large-file=\"https:\/\/eldiariodesanpedro.com.ar\/sitio\/wp-content\/uploads\/2020\/03\/4-1024x683.jpg\" data-src=\"https:\/\/eldiariodesanpedro.com.ar\/sitio\/wp-content\/uploads\/2020\/03\/4-1024x683.jpg\" alt=\"\" class=\"wp-image-69671 lazyload\" data-srcset=\"https:\/\/eldiariodesanpedro.com.ar\/sitio\/wp-content\/uploads\/2020\/03\/4-1024x683.jpg 1024w, https:\/\/eldiariodesanpedro.com.ar\/sitio\/wp-content\/uploads\/2020\/03\/4-300x200.jpg 300w, https:\/\/eldiariodesanpedro.com.ar\/sitio\/wp-content\/uploads\/2020\/03\/4-768x512.jpg 768w, https:\/\/eldiariodesanpedro.com.ar\/sitio\/wp-content\/uploads\/2020\/03\/4-1536x1024.jpg 1536w, https:\/\/eldiariodesanpedro.com.ar\/sitio\/wp-content\/uploads\/2020\/03\/4-2048x1365.jpg 2048w\" data-sizes=\"(max-width: 1024px) 100vw, 1024px\" src=\"data:image\/svg+xml;base64,PHN2ZyB3aWR0aD0iMSIgaGVpZ2h0PSIxIiB4bWxucz0iaHR0cDovL3d3dy53My5vcmcvMjAwMC9zdmciPjwvc3ZnPg==\" style=\"--smush-placeholder-width: 1024px; --smush-placeholder-aspect-ratio: 1024\/683;\" \/><\/figure>\n","protected":false},"excerpt":{"rendered":"<p>En la Secretar\u00eda de Gobierno de la Municipalidad de San Pedro tuvo lugar esta ma\u00f1ana una reuni\u00f3n convocada a partir de la recepci\u00f3n, en el Consorcio de Gesti\u00f3n del Puerto de San Pedro, de una actualizaci\u00f3n de los protocolos vigentes con relaci\u00f3n a las medidas de refuerzo de los planes de contingencia en los puntos [&hellip;]<\/p>\n","protected":false},"author":4,"featured_media":69668,"comment_status":"open","ping_status":"closed","sticky":false,"template":"","format":"standard","meta":{"om_disable_all_campaigns":false,"_jetpack_memberships_contains_paid_content":false,"footnotes":""},"categories":[50,101,2],"tags":[],"class_list":["post-69666","post","type-post","status-publish","format-standard","has-post-thumbnail","hentry","category-destacadas","category-interes-general-locales","category-locales"],"aioseo_notices":[],"gutentor_comment":0,"jetpack_featured_media_url":"https:\/\/eldiariodesanpedro.com.ar\/sitio\/wp-content\/uploads\/2020\/03\/1-1-scaled.jpg","jetpack_shortlink":"https:\/\/wp.me\/p6RhLt-i7E","jetpack_sharing_enabled":true,"_links":{"self":[{"href":"https:\/\/eldiariodesanpedro.com.ar\/sitio\/wp-json\/wp\/v2\/posts\/69666","targetHints":{"allow":["GET"]}}],"collection":[{"href":"https:\/\/eldiariodesanpedro.com.ar\/sitio\/wp-json\/wp\/v2\/posts"}],"about":[{"href":"https:\/\/eldiariodesanpedro.com.ar\/sitio\/wp-json\/wp\/v2\/types\/post"}],"author":[{"embeddable":true,"href":"https:\/\/eldiariodesanpedro.com.ar\/sitio\/wp-json\/wp\/v2\/users\/4"}],"replies":[{"embeddable":true,"href":"https:\/\/eldiariodesanpedro.com.ar\/sitio\/wp-json\/wp\/v2\/comments?post=69666"}],"version-history":[{"count":1,"href":"https:\/\/eldiariodesanpedro.com.ar\/sitio\/wp-json\/wp\/v2\/posts\/69666\/revisions"}],"predecessor-version":[{"id":69672,"href":"https:\/\/eldiariodesanpedro.com.ar\/sitio\/wp-json\/wp\/v2\/posts\/69666\/revisions\/69672"}],"wp:featuredmedia":[{"embeddable":true,"href":"https:\/\/eldiariodesanpedro.com.ar\/sitio\/wp-json\/wp\/v2\/media\/69668"}],"wp:attachment":[{"href":"https:\/\/eldiariodesanpedro.com.ar\/sitio\/wp-json\/wp\/v2\/media?parent=69666"}],"wp:term":[{"taxonomy":"category","embeddable":true,"href":"https:\/\/eldiariodesanpedro.com.ar\/sitio\/wp-json\/wp\/v2\/categories?post=69666"},{"taxonomy":"post_tag","embeddable":true,"href":"https:\/\/eldiariodesanpedro.com.ar\/sitio\/wp-json\/wp\/v2\/tags?post=69666"}],"curies":[{"name":"wp","href":"https:\/\/api.w.org\/{rel}","templated":true}]}}