{"id":69662,"date":"2020-03-03T12:28:42","date_gmt":"2020-03-03T15:28:42","guid":{"rendered":"https:\/\/eldiariodesanpedro.com.ar\/sitio\/?p=69662"},"modified":"2020-03-03T12:29:13","modified_gmt":"2020-03-03T15:29:13","slug":"ramallo-camino-de-la-costa-murio-embarazada-en-accidente-de-moto","status":"publish","type":"post","link":"https:\/\/eldiariodesanpedro.com.ar\/sitio\/ramallo-camino-de-la-costa-murio-embarazada-en-accidente-de-moto\/","title":{"rendered":"RAMALLO | Camino de la Costa: Muri\u00f3 embarazada en accidente de moto"},"content":{"rendered":"<!-- VideographyWP Plugin Message: Automatic video embedding prevented by plugin options. -->\n\n<p>Una joven de 26, identificada como&nbsp;<strong>Eliana Rodriguez<\/strong>, falleci\u00f3 minutos despu\u00e9s de llegar al Hospital San Felipe producto de un accidente de moto en el Camino de la Costa.<\/p>\n\n\n\n<p>El hecho ocurri\u00f3 en la noche del domingo 1 de marzo en el kil\u00f3metro 7, entre una motocicleta 110 cc conducida por Eliana Rodr\u00edguez, oriunda de Villa General Savio, y motocicleta Falcon 400 cc conducida por\u00a0<strong>Guillermo Castroborda<\/strong>, de 18 a\u00f1os, quien ser\u00eda expareja de la v\u00edctima. Las motos circulaban en distintas direcciones.<\/p>\n\n\n\n<p>A causa del accidente, Rodr\u00edguez fue trasladada inconsciente a Hospital San Felipe, falleciendo minutos despu\u00e9s, la cual cursaba un embarazo de 4 meses.<\/p>\n\n\n\n<p>Fuente: Ramallo Ciudad<\/p>\n","protected":false},"excerpt":{"rendered":"<p>Una joven de 26, identificada como&nbsp;Eliana Rodriguez, falleci\u00f3 minutos despu\u00e9s de llegar al Hospital San Felipe producto de un accidente de moto en el Camino de la Costa. El hecho ocurri\u00f3 en la noche del domingo 1 de marzo en el kil\u00f3metro 7, entre una motocicleta 110 cc conducida por Eliana Rodr\u00edguez, oriunda de Villa [&hellip;]<\/p>\n","protected":false},"author":4,"featured_media":69664,"comment_status":"open","ping_status":"closed","sticky":false,"template":"","format":"standard","meta":{"om_disable_all_campaigns":false,"_jetpack_memberships_contains_paid_content":false,"footnotes":""},"categories":[621],"tags":[],"class_list":["post-69662","post","type-post","status-publish","format-standard","has-post-thumbnail","hentry","category-regionales"],"aioseo_notices":[],"gutentor_comment":0,"jetpack_featured_media_url":"https:\/\/eldiariodesanpedro.com.ar\/sitio\/wp-content\/uploads\/2020\/03\/bbx_752526705_1_accidente-02-cuerpo.jpg","jetpack_shortlink":"https:\/\/wp.me\/p6RhLt-i7A","jetpack_sharing_enabled":true,"_links":{"self":[{"href":"https:\/\/eldiariodesanpedro.com.ar\/sitio\/wp-json\/wp\/v2\/posts\/69662","targetHints":{"allow":["GET"]}}],"collection":[{"href":"https:\/\/eldiariodesanpedro.com.ar\/sitio\/wp-json\/wp\/v2\/posts"}],"about":[{"href":"https:\/\/eldiariodesanpedro.com.ar\/sitio\/wp-json\/wp\/v2\/types\/post"}],"author":[{"embeddable":true,"href":"https:\/\/eldiariodesanpedro.com.ar\/sitio\/wp-json\/wp\/v2\/users\/4"}],"replies":[{"embeddable":true,"href":"https:\/\/eldiariodesanpedro.com.ar\/sitio\/wp-json\/wp\/v2\/comments?post=69662"}],"version-history":[{"count":2,"href":"https:\/\/eldiariodesanpedro.com.ar\/sitio\/wp-json\/wp\/v2\/posts\/69662\/revisions"}],"predecessor-version":[{"id":69665,"href":"https:\/\/eldiariodesanpedro.com.ar\/sitio\/wp-json\/wp\/v2\/posts\/69662\/revisions\/69665"}],"wp:featuredmedia":[{"embeddable":true,"href":"https:\/\/eldiariodesanpedro.com.ar\/sitio\/wp-json\/wp\/v2\/media\/69664"}],"wp:attachment":[{"href":"https:\/\/eldiariodesanpedro.com.ar\/sitio\/wp-json\/wp\/v2\/media?parent=69662"}],"wp:term":[{"taxonomy":"category","embeddable":true,"href":"https:\/\/eldiariodesanpedro.com.ar\/sitio\/wp-json\/wp\/v2\/categories?post=69662"},{"taxonomy":"post_tag","embeddable":true,"href":"https:\/\/eldiariodesanpedro.com.ar\/sitio\/wp-json\/wp\/v2\/tags?post=69662"}],"curies":[{"name":"wp","href":"https:\/\/api.w.org\/{rel}","templated":true}]}}