{"id":69659,"date":"2020-03-03T12:27:02","date_gmt":"2020-03-03T15:27:02","guid":{"rendered":"https:\/\/eldiariodesanpedro.com.ar\/sitio\/?p=69659"},"modified":"2020-03-03T12:27:09","modified_gmt":"2020-03-03T15:27:09","slug":"ramallo-auto-robado-aparece-incendiado","status":"publish","type":"post","link":"https:\/\/eldiariodesanpedro.com.ar\/sitio\/ramallo-auto-robado-aparece-incendiado\/","title":{"rendered":"RAMALLO | Auto robado aparece incendiado"},"content":{"rendered":"<!-- VideographyWP Plugin Message: Automatic video embedding prevented by plugin options. -->\n\n<p>En la madrugada del domingo, personal policial de la Estaci\u00f3n Comunal Segunda de Villa Ramallo toma conocimiento de que en calle Sarmiento 378 de Villa Ramallo, sustraen un veh\u00edculo marca Suzuki Fun, el cual se hallaba con llave colocada.<\/p>\n\n\n\n<p>Se mont\u00f3 operativo cerrojo en la localidad y la zona, y minutos m\u00e1s tarde apareci\u00f3 abandonado e incendiado en Barrio Sur de la ciudad de Ramallo.<\/p>\n\n\n\n<p>Se hicieron presentes los Bomberos Voluntarios, a fines de resguardar el siniestro. El autom\u00f3vil quedo totalmente carbonizado.<\/p>\n\n\n\n<p>Fuente: Ramallo Ciudad<\/p>\n","protected":false},"excerpt":{"rendered":"<p>En la madrugada del domingo, personal policial de la Estaci\u00f3n Comunal Segunda de Villa Ramallo toma conocimiento de que en calle Sarmiento 378 de Villa Ramallo, sustraen un veh\u00edculo marca Suzuki Fun, el cual se hallaba con llave colocada. Se mont\u00f3 operativo cerrojo en la localidad y la zona, y minutos m\u00e1s tarde apareci\u00f3 abandonado [&hellip;]<\/p>\n","protected":false},"author":4,"featured_media":69660,"comment_status":"open","ping_status":"closed","sticky":false,"template":"","format":"standard","meta":{"om_disable_all_campaigns":false,"_jetpack_memberships_contains_paid_content":false,"footnotes":""},"categories":[621],"tags":[],"class_list":["post-69659","post","type-post","status-publish","format-standard","has-post-thumbnail","hentry","category-regionales"],"aioseo_notices":[],"gutentor_comment":0,"jetpack_featured_media_url":"https:\/\/eldiariodesanpedro.com.ar\/sitio\/wp-content\/uploads\/2020\/03\/bbx_752526705_1_robo-coche-barrio-sur.jpg","jetpack_shortlink":"https:\/\/wp.me\/p6RhLt-i7x","jetpack_sharing_enabled":true,"_links":{"self":[{"href":"https:\/\/eldiariodesanpedro.com.ar\/sitio\/wp-json\/wp\/v2\/posts\/69659","targetHints":{"allow":["GET"]}}],"collection":[{"href":"https:\/\/eldiariodesanpedro.com.ar\/sitio\/wp-json\/wp\/v2\/posts"}],"about":[{"href":"https:\/\/eldiariodesanpedro.com.ar\/sitio\/wp-json\/wp\/v2\/types\/post"}],"author":[{"embeddable":true,"href":"https:\/\/eldiariodesanpedro.com.ar\/sitio\/wp-json\/wp\/v2\/users\/4"}],"replies":[{"embeddable":true,"href":"https:\/\/eldiariodesanpedro.com.ar\/sitio\/wp-json\/wp\/v2\/comments?post=69659"}],"version-history":[{"count":1,"href":"https:\/\/eldiariodesanpedro.com.ar\/sitio\/wp-json\/wp\/v2\/posts\/69659\/revisions"}],"predecessor-version":[{"id":69661,"href":"https:\/\/eldiariodesanpedro.com.ar\/sitio\/wp-json\/wp\/v2\/posts\/69659\/revisions\/69661"}],"wp:featuredmedia":[{"embeddable":true,"href":"https:\/\/eldiariodesanpedro.com.ar\/sitio\/wp-json\/wp\/v2\/media\/69660"}],"wp:attachment":[{"href":"https:\/\/eldiariodesanpedro.com.ar\/sitio\/wp-json\/wp\/v2\/media?parent=69659"}],"wp:term":[{"taxonomy":"category","embeddable":true,"href":"https:\/\/eldiariodesanpedro.com.ar\/sitio\/wp-json\/wp\/v2\/categories?post=69659"},{"taxonomy":"post_tag","embeddable":true,"href":"https:\/\/eldiariodesanpedro.com.ar\/sitio\/wp-json\/wp\/v2\/tags?post=69659"}],"curies":[{"name":"wp","href":"https:\/\/api.w.org\/{rel}","templated":true}]}}