{"id":69654,"date":"2020-03-03T12:15:02","date_gmt":"2020-03-03T15:15:02","guid":{"rendered":"https:\/\/eldiariodesanpedro.com.ar\/sitio\/?p=69654"},"modified":"2020-03-03T12:15:09","modified_gmt":"2020-03-03T15:15:09","slug":"prevencion-de-dengue-y-vacunacion-contra-fiebre-hemorragica-en-el-paseo-agenor-almada","status":"publish","type":"post","link":"https:\/\/eldiariodesanpedro.com.ar\/sitio\/prevencion-de-dengue-y-vacunacion-contra-fiebre-hemorragica-en-el-paseo-agenor-almada\/","title":{"rendered":"Prevenci\u00f3n de dengue y vacunaci\u00f3n contra fiebre hemorr\u00e1gica en el Paseo Agenor Almada"},"content":{"rendered":"<!-- VideographyWP Plugin Message: Automatic video embedding prevented by plugin options. -->\n\n<p>Este domingo la Secretar\u00eda de Salud de la Municipalidad de San Pedro contin\u00faa con el plan de difusi\u00f3n y control de enfermedades que pueden prevenirse con acciones espec\u00edficas o vacunaci\u00f3n.<\/p>\n\n\n\n<p>En esta oportunidad, en el Paseo Agenor Almada y con la participaci\u00f3n de profesionales y colaboradores del \u00e1rea, se brind\u00f3 informaci\u00f3n sobre la prevenci\u00f3n del Zika, Dengue y Chikungunya. Adem\u00e1s, se aplic\u00f3 a quienes est\u00e1n dentro de los grupos de riesgo, la vacuna contra la Fiebre Hemorr\u00e1gica Argentina. <\/p>\n\n\n\n<figure class=\"wp-block-image size-large\"><img decoding=\"async\" width=\"871\" height=\"960\" data-attachment-id=\"69656\" data-permalink=\"https:\/\/eldiariodesanpedro.com.ar\/sitio\/prevencion-de-dengue-y-vacunacion-contra-fiebre-hemorragica-en-el-paseo-agenor-almada\/87952452_2816493288445328_6827527472557326336_o\/\" data-orig-file=\"https:\/\/eldiariodesanpedro.com.ar\/sitio\/wp-content\/uploads\/2020\/03\/87952452_2816493288445328_6827527472557326336_o.jpg\" data-orig-size=\"871,960\" data-comments-opened=\"1\" data-image-meta=\"{&quot;aperture&quot;:&quot;0&quot;,&quot;credit&quot;:&quot;&quot;,&quot;camera&quot;:&quot;&quot;,&quot;caption&quot;:&quot;&quot;,&quot;created_timestamp&quot;:&quot;0&quot;,&quot;copyright&quot;:&quot;&quot;,&quot;focal_length&quot;:&quot;0&quot;,&quot;iso&quot;:&quot;0&quot;,&quot;shutter_speed&quot;:&quot;0&quot;,&quot;title&quot;:&quot;&quot;,&quot;orientation&quot;:&quot;0&quot;}\" data-image-title=\"87952452_2816493288445328_6827527472557326336_o\" data-image-description=\"\" data-image-caption=\"\" data-large-file=\"https:\/\/eldiariodesanpedro.com.ar\/sitio\/wp-content\/uploads\/2020\/03\/87952452_2816493288445328_6827527472557326336_o.jpg\" data-src=\"https:\/\/eldiariodesanpedro.com.ar\/sitio\/wp-content\/uploads\/2020\/03\/87952452_2816493288445328_6827527472557326336_o.jpg\" alt=\"\" class=\"wp-image-69656 lazyload\" data-srcset=\"https:\/\/eldiariodesanpedro.com.ar\/sitio\/wp-content\/uploads\/2020\/03\/87952452_2816493288445328_6827527472557326336_o.jpg 871w, https:\/\/eldiariodesanpedro.com.ar\/sitio\/wp-content\/uploads\/2020\/03\/87952452_2816493288445328_6827527472557326336_o-272x300.jpg 272w, https:\/\/eldiariodesanpedro.com.ar\/sitio\/wp-content\/uploads\/2020\/03\/87952452_2816493288445328_6827527472557326336_o-768x846.jpg 768w\" data-sizes=\"(max-width: 871px) 100vw, 871px\" src=\"data:image\/svg+xml;base64,PHN2ZyB3aWR0aD0iMSIgaGVpZ2h0PSIxIiB4bWxucz0iaHR0cDovL3d3dy53My5vcmcvMjAwMC9zdmciPjwvc3ZnPg==\" style=\"--smush-placeholder-width: 871px; --smush-placeholder-aspect-ratio: 871\/960;\" \/><\/figure>\n\n\n\n<figure class=\"wp-block-image size-large\"><img decoding=\"async\" width=\"1024\" height=\"708\" data-attachment-id=\"69655\" data-permalink=\"https:\/\/eldiariodesanpedro.com.ar\/sitio\/prevencion-de-dengue-y-vacunacion-contra-fiebre-hemorragica-en-el-paseo-agenor-almada\/87901349_2816493011778689_1322111218562891776_o\/\" data-orig-file=\"https:\/\/eldiariodesanpedro.com.ar\/sitio\/wp-content\/uploads\/2020\/03\/87901349_2816493011778689_1322111218562891776_o.jpg\" data-orig-size=\"1868,1292\" data-comments-opened=\"1\" data-image-meta=\"{&quot;aperture&quot;:&quot;0&quot;,&quot;credit&quot;:&quot;&quot;,&quot;camera&quot;:&quot;&quot;,&quot;caption&quot;:&quot;&quot;,&quot;created_timestamp&quot;:&quot;0&quot;,&quot;copyright&quot;:&quot;&quot;,&quot;focal_length&quot;:&quot;0&quot;,&quot;iso&quot;:&quot;0&quot;,&quot;shutter_speed&quot;:&quot;0&quot;,&quot;title&quot;:&quot;&quot;,&quot;orientation&quot;:&quot;0&quot;}\" data-image-title=\"87901349_2816493011778689_1322111218562891776_o\" data-image-description=\"\" data-image-caption=\"\" data-large-file=\"https:\/\/eldiariodesanpedro.com.ar\/sitio\/wp-content\/uploads\/2020\/03\/87901349_2816493011778689_1322111218562891776_o-1024x708.jpg\" data-src=\"https:\/\/eldiariodesanpedro.com.ar\/sitio\/wp-content\/uploads\/2020\/03\/87901349_2816493011778689_1322111218562891776_o-1024x708.jpg\" alt=\"\" class=\"wp-image-69655 lazyload\" data-srcset=\"https:\/\/eldiariodesanpedro.com.ar\/sitio\/wp-content\/uploads\/2020\/03\/87901349_2816493011778689_1322111218562891776_o-1024x708.jpg 1024w, https:\/\/eldiariodesanpedro.com.ar\/sitio\/wp-content\/uploads\/2020\/03\/87901349_2816493011778689_1322111218562891776_o-300x207.jpg 300w, https:\/\/eldiariodesanpedro.com.ar\/sitio\/wp-content\/uploads\/2020\/03\/87901349_2816493011778689_1322111218562891776_o-768x531.jpg 768w, https:\/\/eldiariodesanpedro.com.ar\/sitio\/wp-content\/uploads\/2020\/03\/87901349_2816493011778689_1322111218562891776_o-1536x1062.jpg 1536w, https:\/\/eldiariodesanpedro.com.ar\/sitio\/wp-content\/uploads\/2020\/03\/87901349_2816493011778689_1322111218562891776_o.jpg 1868w\" data-sizes=\"(max-width: 1024px) 100vw, 1024px\" src=\"data:image\/svg+xml;base64,PHN2ZyB3aWR0aD0iMSIgaGVpZ2h0PSIxIiB4bWxucz0iaHR0cDovL3d3dy53My5vcmcvMjAwMC9zdmciPjwvc3ZnPg==\" style=\"--smush-placeholder-width: 1024px; --smush-placeholder-aspect-ratio: 1024\/708;\" \/><\/figure>\n","protected":false},"excerpt":{"rendered":"<p>Este domingo la Secretar\u00eda de Salud de la Municipalidad de San Pedro contin\u00faa con el plan de difusi\u00f3n y control de enfermedades que pueden prevenirse con acciones espec\u00edficas o vacunaci\u00f3n. En esta oportunidad, en el Paseo Agenor Almada y con la participaci\u00f3n de profesionales y colaboradores del \u00e1rea, se brind\u00f3 informaci\u00f3n sobre la prevenci\u00f3n del [&hellip;]<\/p>\n","protected":false},"author":4,"featured_media":69657,"comment_status":"open","ping_status":"closed","sticky":false,"template":"","format":"standard","meta":{"om_disable_all_campaigns":false,"_jetpack_memberships_contains_paid_content":false,"footnotes":""},"categories":[101,2],"tags":[],"class_list":["post-69654","post","type-post","status-publish","format-standard","has-post-thumbnail","hentry","category-interes-general-locales","category-locales"],"aioseo_notices":[],"gutentor_comment":0,"jetpack_featured_media_url":"https:\/\/eldiariodesanpedro.com.ar\/sitio\/wp-content\/uploads\/2020\/03\/89083692_2816493055112018_1115249453100433408_o.jpg","jetpack_shortlink":"https:\/\/wp.me\/p6RhLt-i7s","jetpack_sharing_enabled":true,"_links":{"self":[{"href":"https:\/\/eldiariodesanpedro.com.ar\/sitio\/wp-json\/wp\/v2\/posts\/69654","targetHints":{"allow":["GET"]}}],"collection":[{"href":"https:\/\/eldiariodesanpedro.com.ar\/sitio\/wp-json\/wp\/v2\/posts"}],"about":[{"href":"https:\/\/eldiariodesanpedro.com.ar\/sitio\/wp-json\/wp\/v2\/types\/post"}],"author":[{"embeddable":true,"href":"https:\/\/eldiariodesanpedro.com.ar\/sitio\/wp-json\/wp\/v2\/users\/4"}],"replies":[{"embeddable":true,"href":"https:\/\/eldiariodesanpedro.com.ar\/sitio\/wp-json\/wp\/v2\/comments?post=69654"}],"version-history":[{"count":1,"href":"https:\/\/eldiariodesanpedro.com.ar\/sitio\/wp-json\/wp\/v2\/posts\/69654\/revisions"}],"predecessor-version":[{"id":69658,"href":"https:\/\/eldiariodesanpedro.com.ar\/sitio\/wp-json\/wp\/v2\/posts\/69654\/revisions\/69658"}],"wp:featuredmedia":[{"embeddable":true,"href":"https:\/\/eldiariodesanpedro.com.ar\/sitio\/wp-json\/wp\/v2\/media\/69657"}],"wp:attachment":[{"href":"https:\/\/eldiariodesanpedro.com.ar\/sitio\/wp-json\/wp\/v2\/media?parent=69654"}],"wp:term":[{"taxonomy":"category","embeddable":true,"href":"https:\/\/eldiariodesanpedro.com.ar\/sitio\/wp-json\/wp\/v2\/categories?post=69654"},{"taxonomy":"post_tag","embeddable":true,"href":"https:\/\/eldiariodesanpedro.com.ar\/sitio\/wp-json\/wp\/v2\/tags?post=69654"}],"curies":[{"name":"wp","href":"https:\/\/api.w.org\/{rel}","templated":true}]}}