{"id":69647,"date":"2020-03-03T11:53:02","date_gmt":"2020-03-03T14:53:02","guid":{"rendered":"https:\/\/eldiariodesanpedro.com.ar\/sitio\/?p=69647"},"modified":"2020-03-03T11:53:06","modified_gmt":"2020-03-03T14:53:06","slug":"ataque-con-arma-de-fuego-a-una-vivienda","status":"publish","type":"post","link":"https:\/\/eldiariodesanpedro.com.ar\/sitio\/ataque-con-arma-de-fuego-a-una-vivienda\/","title":{"rendered":"Ataque con arma de fuego a una vivienda"},"content":{"rendered":"<!-- VideographyWP Plugin Message: Automatic video embedding prevented by plugin options. -->\n\n<p>Este lunes por la tarde una vecina de calle 41 al 500 de nuestra ciudad solicita la presencia de un efectivo tras sufrir un ataque a su domicilio.<\/p>\n\n\n\n<p>Un m\u00f3vil policial se hace presente donde constat\u00f3 que autores ignorados habrian efectuado un disparo hacia la vivienda.<\/p>\n\n\n\n<p>Afortunadamente no se produjeron da\u00f1os ni lesionados.<\/p>\n","protected":false},"excerpt":{"rendered":"<p>Este lunes por la tarde una vecina de calle 41 al 500 de nuestra ciudad solicita la presencia de un efectivo tras sufrir un ataque a su domicilio. Un m\u00f3vil policial se hace presente donde constat\u00f3 que autores ignorados habrian efectuado un disparo hacia la vivienda. Afortunadamente no se produjeron da\u00f1os ni lesionados.<\/p>\n","protected":false},"author":4,"featured_media":68060,"comment_status":"open","ping_status":"closed","sticky":false,"template":"","format":"standard","meta":{"om_disable_all_campaigns":false,"_jetpack_memberships_contains_paid_content":false,"footnotes":""},"categories":[2,103],"tags":[],"class_list":["post-69647","post","type-post","status-publish","format-standard","has-post-thumbnail","hentry","category-locales","category-policiales-locales"],"aioseo_notices":[],"gutentor_comment":0,"jetpack_featured_media_url":"https:\/\/eldiariodesanpedro.com.ar\/sitio\/wp-content\/uploads\/2020\/02\/18787987_1705911156091418_185261144_n_658x400.jpg","jetpack_shortlink":"https:\/\/wp.me\/p6RhLt-i7l","jetpack_sharing_enabled":true,"_links":{"self":[{"href":"https:\/\/eldiariodesanpedro.com.ar\/sitio\/wp-json\/wp\/v2\/posts\/69647","targetHints":{"allow":["GET"]}}],"collection":[{"href":"https:\/\/eldiariodesanpedro.com.ar\/sitio\/wp-json\/wp\/v2\/posts"}],"about":[{"href":"https:\/\/eldiariodesanpedro.com.ar\/sitio\/wp-json\/wp\/v2\/types\/post"}],"author":[{"embeddable":true,"href":"https:\/\/eldiariodesanpedro.com.ar\/sitio\/wp-json\/wp\/v2\/users\/4"}],"replies":[{"embeddable":true,"href":"https:\/\/eldiariodesanpedro.com.ar\/sitio\/wp-json\/wp\/v2\/comments?post=69647"}],"version-history":[{"count":1,"href":"https:\/\/eldiariodesanpedro.com.ar\/sitio\/wp-json\/wp\/v2\/posts\/69647\/revisions"}],"predecessor-version":[{"id":69648,"href":"https:\/\/eldiariodesanpedro.com.ar\/sitio\/wp-json\/wp\/v2\/posts\/69647\/revisions\/69648"}],"wp:featuredmedia":[{"embeddable":true,"href":"https:\/\/eldiariodesanpedro.com.ar\/sitio\/wp-json\/wp\/v2\/media\/68060"}],"wp:attachment":[{"href":"https:\/\/eldiariodesanpedro.com.ar\/sitio\/wp-json\/wp\/v2\/media?parent=69647"}],"wp:term":[{"taxonomy":"category","embeddable":true,"href":"https:\/\/eldiariodesanpedro.com.ar\/sitio\/wp-json\/wp\/v2\/categories?post=69647"},{"taxonomy":"post_tag","embeddable":true,"href":"https:\/\/eldiariodesanpedro.com.ar\/sitio\/wp-json\/wp\/v2\/tags?post=69647"}],"curies":[{"name":"wp","href":"https:\/\/api.w.org\/{rel}","templated":true}]}}