{"id":69645,"date":"2020-03-03T11:50:10","date_gmt":"2020-03-03T14:50:10","guid":{"rendered":"https:\/\/eldiariodesanpedro.com.ar\/sitio\/?p=69645"},"modified":"2020-03-03T11:50:17","modified_gmt":"2020-03-03T14:50:17","slug":"robo-en-una-finca-en-zona-rural","status":"publish","type":"post","link":"https:\/\/eldiariodesanpedro.com.ar\/sitio\/robo-en-una-finca-en-zona-rural\/","title":{"rendered":"Robo en una finca en zona rural"},"content":{"rendered":"<!-- VideographyWP Plugin Message: Automatic video embedding prevented by plugin options. -->\n\n<p>Este lunes en horas de la tarde pasadas las 16 hs se realiza una denuncia por parte de un vecino de la localidad de Gobernador Castro.<\/p>\n\n\n\n<p>En el paraje Las Flores un ciudadano de 75 a\u00f1os de edad se comunic\u00f3 con el servicio de emergencia 911 para denunciar que entre 4 y 5 masculinos hab\u00edan ingresado a su domicilio en el que sustrajeron varios elementos de valor como por ejemplo televisores, dos escopetas y un arma de fuego.<\/p>\n\n\n\n<p>Tras el robo se dieron a la fuga en un autom\u00f3vil color rojo que fue intensamente buscado por los efectivos policiales quienes hasta el momento no dieron con el paradero de los cacos.<\/p>\n","protected":false},"excerpt":{"rendered":"<p>Este lunes en horas de la tarde pasadas las 16 hs se realiza una denuncia por parte de un vecino de la localidad de Gobernador Castro. En el paraje Las Flores un ciudadano de 75 a\u00f1os de edad se comunic\u00f3 con el servicio de emergencia 911 para denunciar que entre 4 y 5 masculinos hab\u00edan [&hellip;]<\/p>\n","protected":false},"author":4,"featured_media":67820,"comment_status":"open","ping_status":"closed","sticky":false,"template":"","format":"standard","meta":{"om_disable_all_campaigns":false,"_jetpack_memberships_contains_paid_content":false,"footnotes":""},"categories":[2,103],"tags":[],"class_list":["post-69645","post","type-post","status-publish","format-standard","has-post-thumbnail","hentry","category-locales","category-policiales-locales"],"aioseo_notices":[],"gutentor_comment":0,"jetpack_featured_media_url":"https:\/\/eldiariodesanpedro.com.ar\/sitio\/wp-content\/uploads\/2020\/01\/patrulla-rural_3.jpg","jetpack_shortlink":"https:\/\/wp.me\/p6RhLt-i7j","jetpack_sharing_enabled":true,"_links":{"self":[{"href":"https:\/\/eldiariodesanpedro.com.ar\/sitio\/wp-json\/wp\/v2\/posts\/69645","targetHints":{"allow":["GET"]}}],"collection":[{"href":"https:\/\/eldiariodesanpedro.com.ar\/sitio\/wp-json\/wp\/v2\/posts"}],"about":[{"href":"https:\/\/eldiariodesanpedro.com.ar\/sitio\/wp-json\/wp\/v2\/types\/post"}],"author":[{"embeddable":true,"href":"https:\/\/eldiariodesanpedro.com.ar\/sitio\/wp-json\/wp\/v2\/users\/4"}],"replies":[{"embeddable":true,"href":"https:\/\/eldiariodesanpedro.com.ar\/sitio\/wp-json\/wp\/v2\/comments?post=69645"}],"version-history":[{"count":1,"href":"https:\/\/eldiariodesanpedro.com.ar\/sitio\/wp-json\/wp\/v2\/posts\/69645\/revisions"}],"predecessor-version":[{"id":69646,"href":"https:\/\/eldiariodesanpedro.com.ar\/sitio\/wp-json\/wp\/v2\/posts\/69645\/revisions\/69646"}],"wp:featuredmedia":[{"embeddable":true,"href":"https:\/\/eldiariodesanpedro.com.ar\/sitio\/wp-json\/wp\/v2\/media\/67820"}],"wp:attachment":[{"href":"https:\/\/eldiariodesanpedro.com.ar\/sitio\/wp-json\/wp\/v2\/media?parent=69645"}],"wp:term":[{"taxonomy":"category","embeddable":true,"href":"https:\/\/eldiariodesanpedro.com.ar\/sitio\/wp-json\/wp\/v2\/categories?post=69645"},{"taxonomy":"post_tag","embeddable":true,"href":"https:\/\/eldiariodesanpedro.com.ar\/sitio\/wp-json\/wp\/v2\/tags?post=69645"}],"curies":[{"name":"wp","href":"https:\/\/api.w.org\/{rel}","templated":true}]}}