{"id":69642,"date":"2020-03-03T11:46:22","date_gmt":"2020-03-03T14:46:22","guid":{"rendered":"https:\/\/eldiariodesanpedro.com.ar\/sitio\/?p=69642"},"modified":"2020-03-03T11:46:29","modified_gmt":"2020-03-03T14:46:29","slug":"trataron-de-esquivar-un-control-y-se-cayeron-de-la-moto","status":"publish","type":"post","link":"https:\/\/eldiariodesanpedro.com.ar\/sitio\/trataron-de-esquivar-un-control-y-se-cayeron-de-la-moto\/","title":{"rendered":"Trataron de esquivar un control y se cayeron de la moto"},"content":{"rendered":"<!-- VideographyWP Plugin Message: Automatic video embedding prevented by plugin options. -->\n\n<p>En horas de la tarde del lunes cuando el personal de inspecci\u00f3n de tr\u00e1nsito de la municipalidad junto con el personal policial realizaban operativo de control vehicular ocurri\u00f3 un accidente por parte de un motocicleta que trata de evadir el mismo.<\/p>\n\n\n\n<p>En horas de la tarde de este lunes en la esquina de San Mart\u00edn y Salta una pareja que circulaba a bordo de una motocicleta tipo Dax al advertir el control que se estaba realizando en esa intersecci\u00f3n trata de girar en U subiendo por una de las veredas. Al generar esta maniobra pierde el control del rodado precipit\u00e1ndose.<\/p>\n\n\n\n<p>En la motocicleta circulaba un joven y una joven de 16 a\u00f1os de edad quienes sufrieron heridas leves por el golpe.<\/p>\n\n\n\n<p>La motocicleta fue secuestrada por el personal de inspecci\u00f3n.<\/p>\n","protected":false},"excerpt":{"rendered":"<p>En horas de la tarde del lunes cuando el personal de inspecci\u00f3n de tr\u00e1nsito de la municipalidad junto con el personal policial realizaban operativo de control vehicular ocurri\u00f3 un accidente por parte de un motocicleta que trata de evadir el mismo. En horas de la tarde de este lunes en la esquina de San Mart\u00edn [&hellip;]<\/p>\n","protected":false},"author":4,"featured_media":69643,"comment_status":"open","ping_status":"closed","sticky":false,"template":"","format":"standard","meta":{"om_disable_all_campaigns":false,"_jetpack_memberships_contains_paid_content":false,"footnotes":""},"categories":[2,103],"tags":[],"class_list":["post-69642","post","type-post","status-publish","format-standard","has-post-thumbnail","hentry","category-locales","category-policiales-locales"],"aioseo_notices":[],"gutentor_comment":0,"jetpack_featured_media_url":"https:\/\/eldiariodesanpedro.com.ar\/sitio\/wp-content\/uploads\/2020\/03\/WhatsApp-Image-2020-03-03-at-09.10.22.jpeg","jetpack_shortlink":"https:\/\/wp.me\/p6RhLt-i7g","jetpack_sharing_enabled":true,"_links":{"self":[{"href":"https:\/\/eldiariodesanpedro.com.ar\/sitio\/wp-json\/wp\/v2\/posts\/69642","targetHints":{"allow":["GET"]}}],"collection":[{"href":"https:\/\/eldiariodesanpedro.com.ar\/sitio\/wp-json\/wp\/v2\/posts"}],"about":[{"href":"https:\/\/eldiariodesanpedro.com.ar\/sitio\/wp-json\/wp\/v2\/types\/post"}],"author":[{"embeddable":true,"href":"https:\/\/eldiariodesanpedro.com.ar\/sitio\/wp-json\/wp\/v2\/users\/4"}],"replies":[{"embeddable":true,"href":"https:\/\/eldiariodesanpedro.com.ar\/sitio\/wp-json\/wp\/v2\/comments?post=69642"}],"version-history":[{"count":1,"href":"https:\/\/eldiariodesanpedro.com.ar\/sitio\/wp-json\/wp\/v2\/posts\/69642\/revisions"}],"predecessor-version":[{"id":69644,"href":"https:\/\/eldiariodesanpedro.com.ar\/sitio\/wp-json\/wp\/v2\/posts\/69642\/revisions\/69644"}],"wp:featuredmedia":[{"embeddable":true,"href":"https:\/\/eldiariodesanpedro.com.ar\/sitio\/wp-json\/wp\/v2\/media\/69643"}],"wp:attachment":[{"href":"https:\/\/eldiariodesanpedro.com.ar\/sitio\/wp-json\/wp\/v2\/media?parent=69642"}],"wp:term":[{"taxonomy":"category","embeddable":true,"href":"https:\/\/eldiariodesanpedro.com.ar\/sitio\/wp-json\/wp\/v2\/categories?post=69642"},{"taxonomy":"post_tag","embeddable":true,"href":"https:\/\/eldiariodesanpedro.com.ar\/sitio\/wp-json\/wp\/v2\/tags?post=69642"}],"curies":[{"name":"wp","href":"https:\/\/api.w.org\/{rel}","templated":true}]}}