{"id":69636,"date":"2020-03-03T10:48:24","date_gmt":"2020-03-03T13:48:24","guid":{"rendered":"https:\/\/eldiariodesanpedro.com.ar\/sitio\/?p=69636"},"modified":"2020-03-03T10:48:31","modified_gmt":"2020-03-03T13:48:31","slug":"acto-de-inicio-del-ciclo-lectivo-2020","status":"publish","type":"post","link":"https:\/\/eldiariodesanpedro.com.ar\/sitio\/acto-de-inicio-del-ciclo-lectivo-2020\/","title":{"rendered":"Acto de Inicio del Ciclo Lectivo 2020"},"content":{"rendered":"<!-- VideographyWP Plugin Message: Automatic video embedding prevented by plugin options. -->\n\n<p>Con la presencia de autoridades municipales, del Consejo Escolar y la Jefa Distrital de Educaci\u00f3n Mercedes Vell\u00f3n, se realiz\u00f3 el Acto de Inicio del Ciclo Lectivo 2020 en la Escuela Primaria N\u00b04 de nuestra ciudad.<\/p>\n\n\n\n<p>La vuelta a clases se vivi\u00f3 con ansiedad principalmente por parte de los ni\u00f1os que asisten a clases por primera vez, acompa\u00f1ados de sus padres.<\/p>\n\n\n\n<p>Durante el acto, los directores sostuvieron con felicidad, que la escuela es el \u00e1mbito donde las personas aprenden diferentes \u00e1reas del conocimiento y es completamente necesaria para favorecer la inserci\u00f3n de los ni\u00f1os en la sociedad como adultos responsables.<\/p>\n\n\n\n<p>En el pais <br>La Directora General de Cultura y Educaci\u00f3n, Agustina Vila, se\u00f1al\u00f3: \u201cEstamos muy contentos de que las clases inicien en tiempo y forma. Fue nuestro compromiso desde el primer d\u00eda de gesti\u00f3n y por eso iniciamos un di\u00e1logo con los gremios con una agenda muy amplia que tiende a revalorizar la educaci\u00f3n p\u00fablica como derecho para las y los bonaerenses\u201d.<\/p>\n\n\n\n<p>En t\u00e9rminos salariales, el aumento de bolsillo acordado alcanzar\u00e1 el 8,9% para marzo y totaliza un 16,66% en junio para el maestro de grado inicial.<\/p>\n\n\n\n<p>As\u00ed, el salario inicial ascender\u00e1 en marzo a $29.001 y en Junio a $31.059. Mientras que para un maestro de jornada simple con m\u00e1xima antig\u00fcedad, en marzo el salario ser\u00e1 de $39.117 y de $42.003 en junio.<\/p>\n\n\n\n<p>El estado provincial asumi\u00f3, adem\u00e1s, el compromiso de reabrir la paritaria en el mes de junio con el objetivo de que el salario docente no pierda poder adquisitivo y de mantener abiertas las comisiones de salud laboral y relaciones laborales.<\/p>\n\n\n\n<p>En el pa\u00eds, no comenzar\u00e1n los ciclos lectivos en Jujuy, Santa Fe, Entre R\u00edos, Neuqu\u00e9n, Chubut y Santa Cruz.<\/p>\n\n\n\n<figure class=\"wp-block-image size-large\"><img decoding=\"async\" width=\"1024\" height=\"636\" data-attachment-id=\"69639\" data-permalink=\"https:\/\/eldiariodesanpedro.com.ar\/sitio\/acto-de-inicio-del-ciclo-lectivo-2020\/88019966_2816581971769793_5389029271702339584_o\/\" data-orig-file=\"https:\/\/eldiariodesanpedro.com.ar\/sitio\/wp-content\/uploads\/2020\/03\/88019966_2816581971769793_5389029271702339584_o.jpg\" data-orig-size=\"1814,1127\" data-comments-opened=\"1\" data-image-meta=\"{&quot;aperture&quot;:&quot;0&quot;,&quot;credit&quot;:&quot;&quot;,&quot;camera&quot;:&quot;&quot;,&quot;caption&quot;:&quot;&quot;,&quot;created_timestamp&quot;:&quot;0&quot;,&quot;copyright&quot;:&quot;&quot;,&quot;focal_length&quot;:&quot;0&quot;,&quot;iso&quot;:&quot;0&quot;,&quot;shutter_speed&quot;:&quot;0&quot;,&quot;title&quot;:&quot;&quot;,&quot;orientation&quot;:&quot;0&quot;}\" data-image-title=\"88019966_2816581971769793_5389029271702339584_o\" data-image-description=\"\" data-image-caption=\"\" data-large-file=\"https:\/\/eldiariodesanpedro.com.ar\/sitio\/wp-content\/uploads\/2020\/03\/88019966_2816581971769793_5389029271702339584_o-1024x636.jpg\" data-src=\"https:\/\/eldiariodesanpedro.com.ar\/sitio\/wp-content\/uploads\/2020\/03\/88019966_2816581971769793_5389029271702339584_o-1024x636.jpg\" alt=\"\" class=\"wp-image-69639 lazyload\" data-srcset=\"https:\/\/eldiariodesanpedro.com.ar\/sitio\/wp-content\/uploads\/2020\/03\/88019966_2816581971769793_5389029271702339584_o-1024x636.jpg 1024w, https:\/\/eldiariodesanpedro.com.ar\/sitio\/wp-content\/uploads\/2020\/03\/88019966_2816581971769793_5389029271702339584_o-300x186.jpg 300w, https:\/\/eldiariodesanpedro.com.ar\/sitio\/wp-content\/uploads\/2020\/03\/88019966_2816581971769793_5389029271702339584_o-768x477.jpg 768w, https:\/\/eldiariodesanpedro.com.ar\/sitio\/wp-content\/uploads\/2020\/03\/88019966_2816581971769793_5389029271702339584_o-1536x954.jpg 1536w, https:\/\/eldiariodesanpedro.com.ar\/sitio\/wp-content\/uploads\/2020\/03\/88019966_2816581971769793_5389029271702339584_o.jpg 1814w\" data-sizes=\"(max-width: 1024px) 100vw, 1024px\" src=\"data:image\/svg+xml;base64,PHN2ZyB3aWR0aD0iMSIgaGVpZ2h0PSIxIiB4bWxucz0iaHR0cDovL3d3dy53My5vcmcvMjAwMC9zdmciPjwvc3ZnPg==\" style=\"--smush-placeholder-width: 1024px; --smush-placeholder-aspect-ratio: 1024\/636;\" \/><\/figure>\n\n\n\n<figure class=\"wp-block-image size-large\"><img decoding=\"async\" width=\"1024\" height=\"688\" data-attachment-id=\"69640\" data-permalink=\"https:\/\/eldiariodesanpedro.com.ar\/sitio\/acto-de-inicio-del-ciclo-lectivo-2020\/89030834_2816583925102931_66431586312126464_o\/\" data-orig-file=\"https:\/\/eldiariodesanpedro.com.ar\/sitio\/wp-content\/uploads\/2020\/03\/89030834_2816583925102931_66431586312126464_o.jpg\" data-orig-size=\"1904,1280\" data-comments-opened=\"1\" data-image-meta=\"{&quot;aperture&quot;:&quot;0&quot;,&quot;credit&quot;:&quot;&quot;,&quot;camera&quot;:&quot;&quot;,&quot;caption&quot;:&quot;&quot;,&quot;created_timestamp&quot;:&quot;0&quot;,&quot;copyright&quot;:&quot;&quot;,&quot;focal_length&quot;:&quot;0&quot;,&quot;iso&quot;:&quot;0&quot;,&quot;shutter_speed&quot;:&quot;0&quot;,&quot;title&quot;:&quot;&quot;,&quot;orientation&quot;:&quot;0&quot;}\" data-image-title=\"89030834_2816583925102931_66431586312126464_o\" data-image-description=\"\" data-image-caption=\"\" data-large-file=\"https:\/\/eldiariodesanpedro.com.ar\/sitio\/wp-content\/uploads\/2020\/03\/89030834_2816583925102931_66431586312126464_o-1024x688.jpg\" data-src=\"https:\/\/eldiariodesanpedro.com.ar\/sitio\/wp-content\/uploads\/2020\/03\/89030834_2816583925102931_66431586312126464_o-1024x688.jpg\" alt=\"\" class=\"wp-image-69640 lazyload\" data-srcset=\"https:\/\/eldiariodesanpedro.com.ar\/sitio\/wp-content\/uploads\/2020\/03\/89030834_2816583925102931_66431586312126464_o-1024x688.jpg 1024w, https:\/\/eldiariodesanpedro.com.ar\/sitio\/wp-content\/uploads\/2020\/03\/89030834_2816583925102931_66431586312126464_o-300x202.jpg 300w, https:\/\/eldiariodesanpedro.com.ar\/sitio\/wp-content\/uploads\/2020\/03\/89030834_2816583925102931_66431586312126464_o-768x516.jpg 768w, https:\/\/eldiariodesanpedro.com.ar\/sitio\/wp-content\/uploads\/2020\/03\/89030834_2816583925102931_66431586312126464_o-1536x1033.jpg 1536w, https:\/\/eldiariodesanpedro.com.ar\/sitio\/wp-content\/uploads\/2020\/03\/89030834_2816583925102931_66431586312126464_o.jpg 1904w\" data-sizes=\"(max-width: 1024px) 100vw, 1024px\" src=\"data:image\/svg+xml;base64,PHN2ZyB3aWR0aD0iMSIgaGVpZ2h0PSIxIiB4bWxucz0iaHR0cDovL3d3dy53My5vcmcvMjAwMC9zdmciPjwvc3ZnPg==\" style=\"--smush-placeholder-width: 1024px; --smush-placeholder-aspect-ratio: 1024\/688;\" \/><\/figure>\n\n\n\n<figure class=\"wp-block-image size-large\"><img decoding=\"async\" width=\"1024\" height=\"683\" data-attachment-id=\"69638\" data-permalink=\"https:\/\/eldiariodesanpedro.com.ar\/sitio\/acto-de-inicio-del-ciclo-lectivo-2020\/87887786_2816583791769611_4407776162512633856_o\/\" data-orig-file=\"https:\/\/eldiariodesanpedro.com.ar\/sitio\/wp-content\/uploads\/2020\/03\/87887786_2816583791769611_4407776162512633856_o.jpg\" data-orig-size=\"2048,1365\" data-comments-opened=\"1\" data-image-meta=\"{&quot;aperture&quot;:&quot;0&quot;,&quot;credit&quot;:&quot;&quot;,&quot;camera&quot;:&quot;&quot;,&quot;caption&quot;:&quot;&quot;,&quot;created_timestamp&quot;:&quot;0&quot;,&quot;copyright&quot;:&quot;&quot;,&quot;focal_length&quot;:&quot;0&quot;,&quot;iso&quot;:&quot;0&quot;,&quot;shutter_speed&quot;:&quot;0&quot;,&quot;title&quot;:&quot;&quot;,&quot;orientation&quot;:&quot;0&quot;}\" data-image-title=\"87887786_2816583791769611_4407776162512633856_o\" data-image-description=\"\" data-image-caption=\"\" data-large-file=\"https:\/\/eldiariodesanpedro.com.ar\/sitio\/wp-content\/uploads\/2020\/03\/87887786_2816583791769611_4407776162512633856_o-1024x683.jpg\" data-src=\"https:\/\/eldiariodesanpedro.com.ar\/sitio\/wp-content\/uploads\/2020\/03\/87887786_2816583791769611_4407776162512633856_o-1024x683.jpg\" alt=\"\" class=\"wp-image-69638 lazyload\" data-srcset=\"https:\/\/eldiariodesanpedro.com.ar\/sitio\/wp-content\/uploads\/2020\/03\/87887786_2816583791769611_4407776162512633856_o-1024x683.jpg 1024w, https:\/\/eldiariodesanpedro.com.ar\/sitio\/wp-content\/uploads\/2020\/03\/87887786_2816583791769611_4407776162512633856_o-300x200.jpg 300w, https:\/\/eldiariodesanpedro.com.ar\/sitio\/wp-content\/uploads\/2020\/03\/87887786_2816583791769611_4407776162512633856_o-768x512.jpg 768w, https:\/\/eldiariodesanpedro.com.ar\/sitio\/wp-content\/uploads\/2020\/03\/87887786_2816583791769611_4407776162512633856_o-1536x1024.jpg 1536w, https:\/\/eldiariodesanpedro.com.ar\/sitio\/wp-content\/uploads\/2020\/03\/87887786_2816583791769611_4407776162512633856_o.jpg 2048w\" data-sizes=\"(max-width: 1024px) 100vw, 1024px\" src=\"data:image\/svg+xml;base64,PHN2ZyB3aWR0aD0iMSIgaGVpZ2h0PSIxIiB4bWxucz0iaHR0cDovL3d3dy53My5vcmcvMjAwMC9zdmciPjwvc3ZnPg==\" style=\"--smush-placeholder-width: 1024px; --smush-placeholder-aspect-ratio: 1024\/683;\" \/><\/figure>\n","protected":false},"excerpt":{"rendered":"<p>Con la presencia de autoridades municipales, del Consejo Escolar y la Jefa Distrital de Educaci\u00f3n Mercedes Vell\u00f3n, se realiz\u00f3 el Acto de Inicio del Ciclo Lectivo 2020 en la Escuela Primaria N\u00b04 de nuestra ciudad. La vuelta a clases se vivi\u00f3 con ansiedad principalmente por parte de los ni\u00f1os que asisten a clases por primera [&hellip;]<\/p>\n","protected":false},"author":4,"featured_media":69637,"comment_status":"open","ping_status":"closed","sticky":false,"template":"","format":"standard","meta":{"om_disable_all_campaigns":false,"_jetpack_memberships_contains_paid_content":false,"footnotes":""},"categories":[50,101,2],"tags":[],"class_list":["post-69636","post","type-post","status-publish","format-standard","has-post-thumbnail","hentry","category-destacadas","category-interes-general-locales","category-locales"],"aioseo_notices":[],"gutentor_comment":0,"jetpack_featured_media_url":"https:\/\/eldiariodesanpedro.com.ar\/sitio\/wp-content\/uploads\/2020\/03\/87885270_2816581981769792_2217610387950403584_o.jpg","jetpack_shortlink":"https:\/\/wp.me\/p6RhLt-i7a","jetpack_sharing_enabled":true,"_links":{"self":[{"href":"https:\/\/eldiariodesanpedro.com.ar\/sitio\/wp-json\/wp\/v2\/posts\/69636","targetHints":{"allow":["GET"]}}],"collection":[{"href":"https:\/\/eldiariodesanpedro.com.ar\/sitio\/wp-json\/wp\/v2\/posts"}],"about":[{"href":"https:\/\/eldiariodesanpedro.com.ar\/sitio\/wp-json\/wp\/v2\/types\/post"}],"author":[{"embeddable":true,"href":"https:\/\/eldiariodesanpedro.com.ar\/sitio\/wp-json\/wp\/v2\/users\/4"}],"replies":[{"embeddable":true,"href":"https:\/\/eldiariodesanpedro.com.ar\/sitio\/wp-json\/wp\/v2\/comments?post=69636"}],"version-history":[{"count":1,"href":"https:\/\/eldiariodesanpedro.com.ar\/sitio\/wp-json\/wp\/v2\/posts\/69636\/revisions"}],"predecessor-version":[{"id":69641,"href":"https:\/\/eldiariodesanpedro.com.ar\/sitio\/wp-json\/wp\/v2\/posts\/69636\/revisions\/69641"}],"wp:featuredmedia":[{"embeddable":true,"href":"https:\/\/eldiariodesanpedro.com.ar\/sitio\/wp-json\/wp\/v2\/media\/69637"}],"wp:attachment":[{"href":"https:\/\/eldiariodesanpedro.com.ar\/sitio\/wp-json\/wp\/v2\/media?parent=69636"}],"wp:term":[{"taxonomy":"category","embeddable":true,"href":"https:\/\/eldiariodesanpedro.com.ar\/sitio\/wp-json\/wp\/v2\/categories?post=69636"},{"taxonomy":"post_tag","embeddable":true,"href":"https:\/\/eldiariodesanpedro.com.ar\/sitio\/wp-json\/wp\/v2\/tags?post=69636"}],"curies":[{"name":"wp","href":"https:\/\/api.w.org\/{rel}","templated":true}]}}