{"id":69630,"date":"2020-03-03T10:32:04","date_gmt":"2020-03-03T13:32:04","guid":{"rendered":"https:\/\/eldiariodesanpedro.com.ar\/sitio\/?p=69630"},"modified":"2020-03-03T10:32:09","modified_gmt":"2020-03-03T13:32:09","slug":"baradero-denuncian-a-un-enfermero-del-hospital-por-acoso-sexual","status":"publish","type":"post","link":"https:\/\/eldiariodesanpedro.com.ar\/sitio\/baradero-denuncian-a-un-enfermero-del-hospital-por-acoso-sexual\/","title":{"rendered":"BARADERO | Denuncian a un enfermero del hospital por acoso sexual"},"content":{"rendered":"<!-- VideographyWP Plugin Message: Automatic video embedding prevented by plugin options. -->\n\n<p>Una joven de 20 a\u00f1os, internada la semana pasada en el hospital, denunci\u00f3 p\u00fablicamente a un enfermero por acoso sexual.<\/p>\n\n\n\n<p>A trav\u00e9s de su cuenta de facebook dio cuenta de que el empleado del hospital la manoseaba cada vez que entraba a la habitaci\u00f3n para los controles correspondientes.<\/p>\n\n\n\n<p>A ra\u00edz de hacerlo p\u00fablico, fueron varias las mujeres que dijeron haber sufrido lo mismo por parte de la misma persona.<\/p>\n\n\n\n<p>Desde la direcci\u00f3n del hospital se inform\u00f3 que fue apartado de su trabajo.<\/p>\n\n\n\n<p>La denuncia fue radicada en la comisaria local.<\/p>\n\n\n\n<p>Fuente: Baradero Te Informa<\/p>\n","protected":false},"excerpt":{"rendered":"<p>Una joven de 20 a\u00f1os, internada la semana pasada en el hospital, denunci\u00f3 p\u00fablicamente a un enfermero por acoso sexual. A trav\u00e9s de su cuenta de facebook dio cuenta de que el empleado del hospital la manoseaba cada vez que entraba a la habitaci\u00f3n para los controles correspondientes. A ra\u00edz de hacerlo p\u00fablico, fueron varias [&hellip;]<\/p>\n","protected":false},"author":4,"featured_media":69631,"comment_status":"open","ping_status":"closed","sticky":false,"template":"","format":"standard","meta":{"om_disable_all_campaigns":false,"_jetpack_memberships_contains_paid_content":false,"footnotes":""},"categories":[621],"tags":[],"class_list":["post-69630","post","type-post","status-publish","format-standard","has-post-thumbnail","hentry","category-regionales"],"aioseo_notices":[],"gutentor_comment":0,"jetpack_featured_media_url":"https:\/\/eldiariodesanpedro.com.ar\/sitio\/wp-content\/uploads\/2020\/03\/65179.jpg","jetpack_shortlink":"https:\/\/wp.me\/p6RhLt-i74","jetpack_sharing_enabled":true,"_links":{"self":[{"href":"https:\/\/eldiariodesanpedro.com.ar\/sitio\/wp-json\/wp\/v2\/posts\/69630","targetHints":{"allow":["GET"]}}],"collection":[{"href":"https:\/\/eldiariodesanpedro.com.ar\/sitio\/wp-json\/wp\/v2\/posts"}],"about":[{"href":"https:\/\/eldiariodesanpedro.com.ar\/sitio\/wp-json\/wp\/v2\/types\/post"}],"author":[{"embeddable":true,"href":"https:\/\/eldiariodesanpedro.com.ar\/sitio\/wp-json\/wp\/v2\/users\/4"}],"replies":[{"embeddable":true,"href":"https:\/\/eldiariodesanpedro.com.ar\/sitio\/wp-json\/wp\/v2\/comments?post=69630"}],"version-history":[{"count":1,"href":"https:\/\/eldiariodesanpedro.com.ar\/sitio\/wp-json\/wp\/v2\/posts\/69630\/revisions"}],"predecessor-version":[{"id":69632,"href":"https:\/\/eldiariodesanpedro.com.ar\/sitio\/wp-json\/wp\/v2\/posts\/69630\/revisions\/69632"}],"wp:featuredmedia":[{"embeddable":true,"href":"https:\/\/eldiariodesanpedro.com.ar\/sitio\/wp-json\/wp\/v2\/media\/69631"}],"wp:attachment":[{"href":"https:\/\/eldiariodesanpedro.com.ar\/sitio\/wp-json\/wp\/v2\/media?parent=69630"}],"wp:term":[{"taxonomy":"category","embeddable":true,"href":"https:\/\/eldiariodesanpedro.com.ar\/sitio\/wp-json\/wp\/v2\/categories?post=69630"},{"taxonomy":"post_tag","embeddable":true,"href":"https:\/\/eldiariodesanpedro.com.ar\/sitio\/wp-json\/wp\/v2\/tags?post=69630"}],"curies":[{"name":"wp","href":"https:\/\/api.w.org\/{rel}","templated":true}]}}