{"id":69627,"date":"2020-03-03T10:29:42","date_gmt":"2020-03-03T13:29:42","guid":{"rendered":"https:\/\/eldiariodesanpedro.com.ar\/sitio\/?p=69627"},"modified":"2020-03-03T10:29:48","modified_gmt":"2020-03-03T13:29:48","slug":"desde-el-lunes-se-podra-tramitar-el-boleto-estudiantil-para-los-trenes","status":"publish","type":"post","link":"https:\/\/eldiariodesanpedro.com.ar\/sitio\/desde-el-lunes-se-podra-tramitar-el-boleto-estudiantil-para-los-trenes\/","title":{"rendered":"Desde el lunes se podr\u00e1 tramitar el boleto estudiantil para los trenes"},"content":{"rendered":"<!-- VideographyWP Plugin Message: Automatic video embedding prevented by plugin options. -->\n\n<p>Los estudiantes de nivel preescolar, primario, secundario y terciario (no universitario) podr\u00e1n tramitar el boleto estudiantil para el ciclo lectivo de 2020 en las l\u00edneas ferroviarias del \u00e1rea metropolitana de Buenos Aires a partir del pr\u00f3ximo lunes.<\/p>\n\n\n\n<p> La operadora ferroviaria estatal Trenes Argentinos inform\u00f3 que este beneficio se extiende para los estudiantes que utilicen las l\u00edneas Mitre, San Mart\u00edn, Sarmiento, Roca y Belgrano Sur, y es v\u00e1lido para los estudiantes de nivel preescolar que asistan a salas de 4 y 5 a\u00f1os; nivel primario hasta 7\u00ba grado en CABA y 6\u00ba grado en la provincia de Buenos Aires; estudiantes secundarios que cursen 1\u00ba y 2\u00ba a\u00f1o en CABA, y 1\u00ba, 2\u00ba y 3\u00ba a\u00f1o en la provincia de Buenos Aires; y quienes cursen nivel terciario no universitario.<\/p>\n\n\n\n<p>El boleto estudiantil es el 50% de la tarifa de la primera secci\u00f3n de cada una de las l\u00edneas, se paga por 24 viajes ida y vuelta (48 tramos) que los estudiantes utilizan en cada uno de sus recorridos. Para solicitarlo, deben presentar certificado de alumno regular, fotocopia de DNI con domicilio actualizado y una foto 4\u00d74.<\/p>\n\n\n\n<p>Los pasajeros que viajen en las l\u00edneas Mitre deber\u00e1n acercarse al Centro de Atenci\u00f3n al Pasajero (CAP) ubicado en la estaci\u00f3n Retiro, de lunes a viernes de 9 a 18.<\/p>\n\n\n\n<p>Los usuarios de la l\u00ednea San Mart\u00edn, podr\u00e1n realizar el tr\u00e1mite en el Centro de Atenci\u00f3n al Pasajero de la estaci\u00f3n Retiro, de lunes a viernes de 7 a 19.<\/p>\n","protected":false},"excerpt":{"rendered":"<p>Los estudiantes de nivel preescolar, primario, secundario y terciario (no universitario) podr\u00e1n tramitar el boleto estudiantil para el ciclo lectivo de 2020 en las l\u00edneas ferroviarias del \u00e1rea metropolitana de Buenos Aires a partir del pr\u00f3ximo lunes. La operadora ferroviaria estatal Trenes Argentinos inform\u00f3 que este beneficio se extiende para los estudiantes que utilicen las [&hellip;]<\/p>\n","protected":false},"author":4,"featured_media":69628,"comment_status":"open","ping_status":"closed","sticky":false,"template":"","format":"standard","meta":{"om_disable_all_campaigns":false,"_jetpack_memberships_contains_paid_content":false,"footnotes":""},"categories":[101,2],"tags":[],"class_list":["post-69627","post","type-post","status-publish","format-standard","has-post-thumbnail","hentry","category-interes-general-locales","category-locales"],"aioseo_notices":[],"gutentor_comment":0,"jetpack_featured_media_url":"https:\/\/eldiariodesanpedro.com.ar\/sitio\/wp-content\/uploads\/2020\/03\/tren-696x464-1.jpg","jetpack_shortlink":"https:\/\/wp.me\/p6RhLt-i71","jetpack_sharing_enabled":true,"_links":{"self":[{"href":"https:\/\/eldiariodesanpedro.com.ar\/sitio\/wp-json\/wp\/v2\/posts\/69627","targetHints":{"allow":["GET"]}}],"collection":[{"href":"https:\/\/eldiariodesanpedro.com.ar\/sitio\/wp-json\/wp\/v2\/posts"}],"about":[{"href":"https:\/\/eldiariodesanpedro.com.ar\/sitio\/wp-json\/wp\/v2\/types\/post"}],"author":[{"embeddable":true,"href":"https:\/\/eldiariodesanpedro.com.ar\/sitio\/wp-json\/wp\/v2\/users\/4"}],"replies":[{"embeddable":true,"href":"https:\/\/eldiariodesanpedro.com.ar\/sitio\/wp-json\/wp\/v2\/comments?post=69627"}],"version-history":[{"count":1,"href":"https:\/\/eldiariodesanpedro.com.ar\/sitio\/wp-json\/wp\/v2\/posts\/69627\/revisions"}],"predecessor-version":[{"id":69629,"href":"https:\/\/eldiariodesanpedro.com.ar\/sitio\/wp-json\/wp\/v2\/posts\/69627\/revisions\/69629"}],"wp:featuredmedia":[{"embeddable":true,"href":"https:\/\/eldiariodesanpedro.com.ar\/sitio\/wp-json\/wp\/v2\/media\/69628"}],"wp:attachment":[{"href":"https:\/\/eldiariodesanpedro.com.ar\/sitio\/wp-json\/wp\/v2\/media?parent=69627"}],"wp:term":[{"taxonomy":"category","embeddable":true,"href":"https:\/\/eldiariodesanpedro.com.ar\/sitio\/wp-json\/wp\/v2\/categories?post=69627"},{"taxonomy":"post_tag","embeddable":true,"href":"https:\/\/eldiariodesanpedro.com.ar\/sitio\/wp-json\/wp\/v2\/tags?post=69627"}],"curies":[{"name":"wp","href":"https:\/\/api.w.org\/{rel}","templated":true}]}}