{"id":69624,"date":"2020-03-03T10:27:04","date_gmt":"2020-03-03T13:27:04","guid":{"rendered":"https:\/\/eldiariodesanpedro.com.ar\/sitio\/?p=69624"},"modified":"2020-03-03T10:27:05","modified_gmt":"2020-03-03T13:27:05","slug":"san-nicolas-murio-una-mujer-embarazada-investigandose-a-su-novio-y-los-minutos-previos","status":"publish","type":"post","link":"https:\/\/eldiariodesanpedro.com.ar\/sitio\/san-nicolas-murio-una-mujer-embarazada-investigandose-a-su-novio-y-los-minutos-previos\/","title":{"rendered":"SAN NICOL\u00c1S | Muri\u00f3 una mujer embarazada, investig\u00e1ndose a su novio y los minutos previos"},"content":{"rendered":"<!-- VideographyWP Plugin Message: Automatic video embedding prevented by plugin options. -->\n\n<p>\n\nUna mujer embarazada, identificada como Bel\u00e9n Rodr\u00edguez, ingres\u00f3 accidentada esta madrugada al Hospital San Felipe, cursando un per\u00edodo de gestaci\u00f3n de alrededor de 4 meses.<\/p>\n\n\n\n<p>Por motivos que se investigan ahora, sufri\u00f3 un accidente en una motocicleta, llegando desde Ramallo sin reacci\u00f3n a la Guardia del Hospital San Felipe, falleciendo hoy a las 5.30 aproximadamente en la Unidad de Terapia Intensiva (UTI) del nosocomio nicole\u00f1o.<br>\u00bfPor d\u00f3nde ir\u00eda la investigaci\u00f3n? Seg\u00fan supo FLASH24, aparentemente el novio la esperaba para encontrarse en un determinado lugar.<br>Cuando arribaron all\u00ed, la Polic\u00eda y la ambulancia encontraron al novio y a su vez sospechado todo golpeado y su moto en el piso. Mientras que Bel\u00e9n Rodr\u00edguez apareci\u00f3 metros m\u00e1s adelante, tirada en la banquina.<br>Por lo tanto, a esta hora estar\u00eda siendo investigado el novio por doble homicidio culposo o doloso, viendo que antes del hecho en s\u00ed, se produjo una discusi\u00f3n. Buscan reunir la mayor cantidad de pruebas para dilucidar todos los enigmas que aparecen ahora.<\/p>\n\n\n\n<p>Fuente: Flash24<\/p>\n","protected":false},"excerpt":{"rendered":"<p>Una mujer embarazada, identificada como Bel\u00e9n Rodr\u00edguez, ingres\u00f3 accidentada esta madrugada al Hospital San Felipe, cursando un per\u00edodo de gestaci\u00f3n de alrededor de 4 meses. Por motivos que se investigan ahora, sufri\u00f3 un accidente en una motocicleta, llegando desde Ramallo sin reacci\u00f3n a la Guardia del Hospital San Felipe, falleciendo hoy a las 5.30 aproximadamente [&hellip;]<\/p>\n","protected":false},"author":4,"featured_media":69625,"comment_status":"open","ping_status":"closed","sticky":false,"template":"","format":"standard","meta":{"om_disable_all_campaigns":false,"_jetpack_memberships_contains_paid_content":false,"footnotes":""},"categories":[621],"tags":[],"class_list":["post-69624","post","type-post","status-publish","format-standard","has-post-thumbnail","hentry","category-regionales"],"aioseo_notices":[],"gutentor_comment":0,"jetpack_featured_media_url":"https:\/\/eldiariodesanpedro.com.ar\/sitio\/wp-content\/uploads\/2020\/03\/89157126_2571685863075320_2268155113572925440_o.jpg","jetpack_shortlink":"https:\/\/wp.me\/p6RhLt-i6Y","jetpack_sharing_enabled":true,"_links":{"self":[{"href":"https:\/\/eldiariodesanpedro.com.ar\/sitio\/wp-json\/wp\/v2\/posts\/69624","targetHints":{"allow":["GET"]}}],"collection":[{"href":"https:\/\/eldiariodesanpedro.com.ar\/sitio\/wp-json\/wp\/v2\/posts"}],"about":[{"href":"https:\/\/eldiariodesanpedro.com.ar\/sitio\/wp-json\/wp\/v2\/types\/post"}],"author":[{"embeddable":true,"href":"https:\/\/eldiariodesanpedro.com.ar\/sitio\/wp-json\/wp\/v2\/users\/4"}],"replies":[{"embeddable":true,"href":"https:\/\/eldiariodesanpedro.com.ar\/sitio\/wp-json\/wp\/v2\/comments?post=69624"}],"version-history":[{"count":1,"href":"https:\/\/eldiariodesanpedro.com.ar\/sitio\/wp-json\/wp\/v2\/posts\/69624\/revisions"}],"predecessor-version":[{"id":69626,"href":"https:\/\/eldiariodesanpedro.com.ar\/sitio\/wp-json\/wp\/v2\/posts\/69624\/revisions\/69626"}],"wp:featuredmedia":[{"embeddable":true,"href":"https:\/\/eldiariodesanpedro.com.ar\/sitio\/wp-json\/wp\/v2\/media\/69625"}],"wp:attachment":[{"href":"https:\/\/eldiariodesanpedro.com.ar\/sitio\/wp-json\/wp\/v2\/media?parent=69624"}],"wp:term":[{"taxonomy":"category","embeddable":true,"href":"https:\/\/eldiariodesanpedro.com.ar\/sitio\/wp-json\/wp\/v2\/categories?post=69624"},{"taxonomy":"post_tag","embeddable":true,"href":"https:\/\/eldiariodesanpedro.com.ar\/sitio\/wp-json\/wp\/v2\/tags?post=69624"}],"curies":[{"name":"wp","href":"https:\/\/api.w.org\/{rel}","templated":true}]}}