{"id":69621,"date":"2020-03-03T10:25:31","date_gmt":"2020-03-03T13:25:31","guid":{"rendered":"https:\/\/eldiariodesanpedro.com.ar\/sitio\/?p=69621"},"modified":"2020-03-03T10:25:34","modified_gmt":"2020-03-03T13:25:34","slug":"san-nicolas-secuestraron-2000-kilos-de-cables-de-telefonia-y-energia-en-una-chatarreria","status":"publish","type":"post","link":"https:\/\/eldiariodesanpedro.com.ar\/sitio\/san-nicolas-secuestraron-2000-kilos-de-cables-de-telefonia-y-energia-en-una-chatarreria\/","title":{"rendered":"SAN NICOL\u00c1S | Secuestraron 2000 kilos de cables de telefon\u00eda y energ\u00eda en una chatarrer\u00eda"},"content":{"rendered":"<!-- VideographyWP Plugin Message: Automatic video embedding prevented by plugin options. -->\n\n<p>\n\nLa DDI local allan\u00f3 una chatarrer\u00eda y secuestr\u00f3 2000 kilos de cables, entre otros elementos. Fue en el marco del Operativo Desarmadero, una investigaci\u00f3n que comenz\u00f3 en agosto del a\u00f1o pasado a ra\u00edz de docenas de denuncias por robos de cables a la empresa Telecom, EDEN y Movistar en distintos puntos de la ciudad provocando la interrumpci\u00f3n de los servicios y perdidas monetarias para las firmas.<\/p>\n\n\n\n<p>La diligencia se concret\u00f3 en las \u00faltimas horas en calle Olleros y Caseros. La chatarrer\u00eda no posee habilitaci\u00f3n ni libros de registros para la actividad que desarrolla por lo que se procedi\u00f3 a su clausura.<\/p>\n\n\n\n<p>Adem\u00e1s, encontraron cables pre ensamblado de secci\u00f3n de baja tensi\u00f3n; cable unipolar de media tensi\u00f3n subterr\u00e1neo; cable tetrapolar subterr\u00e1neo de baja tensi\u00f3n; cable unipolaraA\u00e9reo de baja tensi\u00f3n; fider de 1 5\/8; cable Jumper de 1\/2, tramos que pertenecen a las radiobase de las antenas de Personal y Claro, unas de 1 5\/8, y la restante de 1\/2, los cuales pertenecen a distintas empresas de comunicaciones siendo Telecom, Telef\u00f3nica y Distribuidora de Scios. El\u00e9ctricos Eden. Un total de 2000 kilos de cables.<\/p>\n\n\n\n<p>Tambi\u00e9n secuestraron dos celulares, motopartes y cuadro de motor. As\u00ed mismo, procedieron a la aprehensi\u00f3n de dos hombres de apellido Antunez, Gomez y Fenillade. Luego de los recaudos legales recuperaron la libertad.<\/p>\n\n\n\n<p>Tras finalizar las diligencias, se labraron actuaciones por Infracci\u00f3n a la Ley 13564; Esclarecimiento de Robo; Encubrimiento; Interrupciones de las comunicaciones.<\/p>\n\n\n\n<p>Intervino el Juzgado Federal San Nicol\u00e1s a cargo del Dr. Carlos Villafuerte Ruso y la Fiscal\u00eda Federal del Dr. Mat\u00edas Dilello. <\/p>\n\n\n\n<p>Fuente: DIario El Informante<\/p>\n","protected":false},"excerpt":{"rendered":"<p>La DDI local allan\u00f3 una chatarrer\u00eda y secuestr\u00f3 2000 kilos de cables, entre otros elementos. Fue en el marco del Operativo Desarmadero, una investigaci\u00f3n que comenz\u00f3 en agosto del a\u00f1o pasado a ra\u00edz de docenas de denuncias por robos de cables a la empresa Telecom, EDEN y Movistar en distintos puntos de la ciudad provocando [&hellip;]<\/p>\n","protected":false},"author":4,"featured_media":69622,"comment_status":"open","ping_status":"closed","sticky":false,"template":"","format":"standard","meta":{"om_disable_all_campaigns":false,"_jetpack_memberships_contains_paid_content":false,"footnotes":""},"categories":[621],"tags":[],"class_list":["post-69621","post","type-post","status-publish","format-standard","has-post-thumbnail","hentry","category-regionales"],"aioseo_notices":[],"gutentor_comment":0,"jetpack_featured_media_url":"https:\/\/eldiariodesanpedro.com.ar\/sitio\/wp-content\/uploads\/2020\/03\/conmarca24948.jpg","jetpack_shortlink":"https:\/\/wp.me\/p6RhLt-i6V","jetpack_sharing_enabled":true,"_links":{"self":[{"href":"https:\/\/eldiariodesanpedro.com.ar\/sitio\/wp-json\/wp\/v2\/posts\/69621","targetHints":{"allow":["GET"]}}],"collection":[{"href":"https:\/\/eldiariodesanpedro.com.ar\/sitio\/wp-json\/wp\/v2\/posts"}],"about":[{"href":"https:\/\/eldiariodesanpedro.com.ar\/sitio\/wp-json\/wp\/v2\/types\/post"}],"author":[{"embeddable":true,"href":"https:\/\/eldiariodesanpedro.com.ar\/sitio\/wp-json\/wp\/v2\/users\/4"}],"replies":[{"embeddable":true,"href":"https:\/\/eldiariodesanpedro.com.ar\/sitio\/wp-json\/wp\/v2\/comments?post=69621"}],"version-history":[{"count":1,"href":"https:\/\/eldiariodesanpedro.com.ar\/sitio\/wp-json\/wp\/v2\/posts\/69621\/revisions"}],"predecessor-version":[{"id":69623,"href":"https:\/\/eldiariodesanpedro.com.ar\/sitio\/wp-json\/wp\/v2\/posts\/69621\/revisions\/69623"}],"wp:featuredmedia":[{"embeddable":true,"href":"https:\/\/eldiariodesanpedro.com.ar\/sitio\/wp-json\/wp\/v2\/media\/69622"}],"wp:attachment":[{"href":"https:\/\/eldiariodesanpedro.com.ar\/sitio\/wp-json\/wp\/v2\/media?parent=69621"}],"wp:term":[{"taxonomy":"category","embeddable":true,"href":"https:\/\/eldiariodesanpedro.com.ar\/sitio\/wp-json\/wp\/v2\/categories?post=69621"},{"taxonomy":"post_tag","embeddable":true,"href":"https:\/\/eldiariodesanpedro.com.ar\/sitio\/wp-json\/wp\/v2\/tags?post=69621"}],"curies":[{"name":"wp","href":"https:\/\/api.w.org\/{rel}","templated":true}]}}