{"id":69618,"date":"2020-03-03T10:23:05","date_gmt":"2020-03-03T13:23:05","guid":{"rendered":"https:\/\/eldiariodesanpedro.com.ar\/sitio\/?p=69618"},"modified":"2020-03-03T10:23:12","modified_gmt":"2020-03-03T13:23:12","slug":"rigen-las-devoluciones-a-jubilados-y-beneficiarios-de-planes-sociales","status":"publish","type":"post","link":"https:\/\/eldiariodesanpedro.com.ar\/sitio\/rigen-las-devoluciones-a-jubilados-y-beneficiarios-de-planes-sociales\/","title":{"rendered":"Rigen las devoluciones a jubilados y beneficiarios de planes sociales"},"content":{"rendered":"<!-- VideographyWP Plugin Message: Automatic video embedding prevented by plugin options. -->\n\n<p> Se trata del reintegro del 15% en compras efectuadas con tarjetas de d\u00e9bito a personas mayores y aquellos receptores de Asignaciones Universales por Hijo. El organismo dispuso alteraciones en los tiempos de devoluci\u00f3n y la delimitaci\u00f3n de exclusiones. Detalles a continuaci\u00f3n. <\/p>\n\n\n\n<p>\n\nLa Administraci\u00f3n Federal de Ingresos P\u00fablicos (AFIP) dispuso a partir de la jornada de hoy modificaci\u00f3n de la resoluci\u00f3n establecida el pasado s\u00e1bado respecto al R\u00e9gimen de Reintegro a Sectores Vulnerados para las compras con tarjeta de d\u00e9bito llevadas a cabo por beneficiarios del sistema provisional y aquellos que reciben planes de asistencia social, espec\u00edficamente de Asignaci\u00f3n Universal por Hijo.<\/p>\n\n\n\n<p>A partir de esta resoluci\u00f3n, aquellos vecinos adheridos al R\u00e9gimen de Inclusi\u00f3n Social y Promoci\u00f3n del Trabajo Independiente, los que sean miembros del Registro Nacional de Efectores de Desarrollo Local y Econom\u00eda Social, y los adheridos al R\u00e9gimen Simplificado Especial para Peque\u00f1os Productores Agrarios (todos estos inscriptos particularmente como monotributistas de categor\u00eda A), ser\u00e1n beneficiados por esta devoluci\u00f3n del 15%. Tal reintegro no estaba contemplado en la disposici\u00f3n original.<\/p>\n\n\n\n<p>Son las entidades financieras que administran las tarjetas de d\u00e9bito las encargadas de acreditar esta devoluci\u00f3n, con ciertas obligaciones:<\/p>\n\n\n\n<p>Si la compra se efectu\u00f3 entre las 0 y las 17 de una jornada determinada, el reintegro se llevar\u00e1 a cabo dentro de un per\u00edodo de 24 horas h\u00e1biles (no se tienen en cuenta fines de semana ni feriados bancarios) en la cuenta correspondiente a la jubilaci\u00f3n\/pensi\u00f3n\/asignaci\u00f3n seg\u00fan el caso. En caso de haberse realizado despu\u00e9s de las 17, la devoluci\u00f3n puede extenderse hasta 48 horas h\u00e1biles. <\/p>\n","protected":false},"excerpt":{"rendered":"<p>Se trata del reintegro del 15% en compras efectuadas con tarjetas de d\u00e9bito a personas mayores y aquellos receptores de Asignaciones Universales por Hijo. El organismo dispuso alteraciones en los tiempos de devoluci\u00f3n y la delimitaci\u00f3n de exclusiones. Detalles a continuaci\u00f3n. La Administraci\u00f3n Federal de Ingresos P\u00fablicos (AFIP) dispuso a partir de la jornada de [&hellip;]<\/p>\n","protected":false},"author":4,"featured_media":69619,"comment_status":"open","ping_status":"closed","sticky":false,"template":"","format":"standard","meta":{"om_disable_all_campaigns":false,"_jetpack_memberships_contains_paid_content":false,"footnotes":""},"categories":[101,2],"tags":[],"class_list":["post-69618","post","type-post","status-publish","format-standard","has-post-thumbnail","hentry","category-interes-general-locales","category-locales"],"aioseo_notices":[],"gutentor_comment":0,"jetpack_featured_media_url":"https:\/\/eldiariodesanpedro.com.ar\/sitio\/wp-content\/uploads\/2020\/03\/20200302102136.jpg","jetpack_shortlink":"https:\/\/wp.me\/p6RhLt-i6S","jetpack_sharing_enabled":true,"_links":{"self":[{"href":"https:\/\/eldiariodesanpedro.com.ar\/sitio\/wp-json\/wp\/v2\/posts\/69618","targetHints":{"allow":["GET"]}}],"collection":[{"href":"https:\/\/eldiariodesanpedro.com.ar\/sitio\/wp-json\/wp\/v2\/posts"}],"about":[{"href":"https:\/\/eldiariodesanpedro.com.ar\/sitio\/wp-json\/wp\/v2\/types\/post"}],"author":[{"embeddable":true,"href":"https:\/\/eldiariodesanpedro.com.ar\/sitio\/wp-json\/wp\/v2\/users\/4"}],"replies":[{"embeddable":true,"href":"https:\/\/eldiariodesanpedro.com.ar\/sitio\/wp-json\/wp\/v2\/comments?post=69618"}],"version-history":[{"count":1,"href":"https:\/\/eldiariodesanpedro.com.ar\/sitio\/wp-json\/wp\/v2\/posts\/69618\/revisions"}],"predecessor-version":[{"id":69620,"href":"https:\/\/eldiariodesanpedro.com.ar\/sitio\/wp-json\/wp\/v2\/posts\/69618\/revisions\/69620"}],"wp:featuredmedia":[{"embeddable":true,"href":"https:\/\/eldiariodesanpedro.com.ar\/sitio\/wp-json\/wp\/v2\/media\/69619"}],"wp:attachment":[{"href":"https:\/\/eldiariodesanpedro.com.ar\/sitio\/wp-json\/wp\/v2\/media?parent=69618"}],"wp:term":[{"taxonomy":"category","embeddable":true,"href":"https:\/\/eldiariodesanpedro.com.ar\/sitio\/wp-json\/wp\/v2\/categories?post=69618"},{"taxonomy":"post_tag","embeddable":true,"href":"https:\/\/eldiariodesanpedro.com.ar\/sitio\/wp-json\/wp\/v2\/tags?post=69618"}],"curies":[{"name":"wp","href":"https:\/\/api.w.org\/{rel}","templated":true}]}}