{"id":69615,"date":"2020-03-03T10:20:31","date_gmt":"2020-03-03T13:20:31","guid":{"rendered":"https:\/\/eldiariodesanpedro.com.ar\/sitio\/?p=69615"},"modified":"2020-03-03T10:20:36","modified_gmt":"2020-03-03T13:20:36","slug":"anses-informa-calendario-de-pago-de-marzo","status":"publish","type":"post","link":"https:\/\/eldiariodesanpedro.com.ar\/sitio\/anses-informa-calendario-de-pago-de-marzo\/","title":{"rendered":"ANSES INFORMA : Calendario de pago de marzo"},"content":{"rendered":"<!-- VideographyWP Plugin Message: Automatic video embedding prevented by plugin options. -->\n\n<p>\n\nLa Anses dio a conocer el calendario de pago de marzo de 2020, as\u00ed como tambi\u00e9n a qui\u00e9nes y de cu\u00e1nto son los montos de cobro con el aumento confirmado por el Gobierno Nacional hace algunos d\u00edas.<\/p>\n\n\n\n<p>Seg\u00fan el Bolet\u00edn Oficial, hay un nuevo aumento de las jubilaciones y pensiones del sistema general de la Administraci\u00f3n Nacional de la Seguridad Social.<\/p>\n\n\n\n<p>La suba de 2,3% m\u00e1s un monto fijo de $1500. De esta manera, el haber m\u00ednimo quedar\u00e1 en $15.891,5. Es decir, tendr\u00e1 un aumento de 12,96%, pero ese porcentaje efectivo de incremento ser\u00e1 m\u00e1s reducido cuanto m\u00e1s altos sean los haberes.<\/p>\n\n\n\n<p>Tambi\u00e9n fue aprobado un aumento para la Asignaci\u00f3n Universal por Hijo (AUH). El incremento equivale al 13% de los rangos y montos establecidos en el Bolet\u00edn Oficial. Es decir, ser\u00e1 de una suma fija de $1.500, lo que representa un beneficio para el 86% de las personas alcanzadas por jubilaci\u00f3n, AUH y SUAF.<\/p>\n\n\n\n<p>De esta forma, seg\u00fan lo informado por el Gobierno Nacional, la jubilaci\u00f3n m\u00ednima ser\u00e1 de $15.890. La Asignaci\u00f3n Universal por Hijo y por Embarazo pasar\u00e1 a $3102,98 y el monto para asignaci\u00f3n por Hijo con Discapacidad pasar\u00e1 a ser de $10.110.<\/p>\n\n\n\n<p>De esta manera, las fechas de marzo de los beneficiarios de la AUH seg\u00fan el n\u00famero de DNI son:<\/p>\n\n\n\n<p>DNI Fecha de Pago<\/p>\n\n\n\n<p>0 &#8211; 9 de marzo<br>1 &#8211; 10 de marzo<br>2 &#8211; 11 de marzo<br>3 &#8211; 12 de marzo<br>4 &#8211; 13 de marzo<br>5 &#8211; 16 de marzo<br>6 &#8211; 17 de marzo<br>7 &#8211; 18 de marzo<br>8 &#8211; 19 de marzo<br>9 &#8211; 20 de marzo<\/p>\n\n\n\n<p>Los jubilados y pensionados, pasar\u00e1n a tener una m\u00ednima de $15.891,5. De esta manera, quienes no superen ese monto, cobrar\u00e1n:<\/p>\n\n\n\n<p>DNI Fecha de Pago<\/p>\n\n\n\n<p>0 &#8211; 9 de marzo<br>1 &#8211; 10 de marzo<br>2 &#8211; 11 de marzo<br>3 &#8211; 12 de marzo<br>4 &#8211; 13 de marzo<br>5 &#8211; 16 de marzo<br>6 &#8211; 17 de marzo<br>7 &#8211; 18 de marzo<br>8 &#8211; 19 de marzo<br>9 &#8211; 20 de marzo<\/p>\n\n\n\n<p>Para los jubilados y pensionados cuyos haberes superen los $15.891,5, las fechas son:<\/p>\n\n\n\n<p>DNI Fecha de Pago<br>0, 1, 2 y 3 &#8211; 23 de marzo<br>4 y 5 &#8211; 24 de marzo<br>6 y 7 &#8211; 25 de marzo<br>8 y 9 &#8211; 26 de marzo <\/p>\n","protected":false},"excerpt":{"rendered":"<p>La Anses dio a conocer el calendario de pago de marzo de 2020, as\u00ed como tambi\u00e9n a qui\u00e9nes y de cu\u00e1nto son los montos de cobro con el aumento confirmado por el Gobierno Nacional hace algunos d\u00edas. Seg\u00fan el Bolet\u00edn Oficial, hay un nuevo aumento de las jubilaciones y pensiones del sistema general de la [&hellip;]<\/p>\n","protected":false},"author":4,"featured_media":69616,"comment_status":"open","ping_status":"closed","sticky":false,"template":"","format":"standard","meta":{"om_disable_all_campaigns":false,"_jetpack_memberships_contains_paid_content":false,"footnotes":""},"categories":[101,2],"tags":[],"class_list":["post-69615","post","type-post","status-publish","format-standard","has-post-thumbnail","hentry","category-interes-general-locales","category-locales"],"aioseo_notices":[],"gutentor_comment":0,"jetpack_featured_media_url":"https:\/\/eldiariodesanpedro.com.ar\/sitio\/wp-content\/uploads\/2020\/03\/no_mmd5mcd84jzp426anses1.jpg","jetpack_shortlink":"https:\/\/wp.me\/p6RhLt-i6P","jetpack_sharing_enabled":true,"_links":{"self":[{"href":"https:\/\/eldiariodesanpedro.com.ar\/sitio\/wp-json\/wp\/v2\/posts\/69615","targetHints":{"allow":["GET"]}}],"collection":[{"href":"https:\/\/eldiariodesanpedro.com.ar\/sitio\/wp-json\/wp\/v2\/posts"}],"about":[{"href":"https:\/\/eldiariodesanpedro.com.ar\/sitio\/wp-json\/wp\/v2\/types\/post"}],"author":[{"embeddable":true,"href":"https:\/\/eldiariodesanpedro.com.ar\/sitio\/wp-json\/wp\/v2\/users\/4"}],"replies":[{"embeddable":true,"href":"https:\/\/eldiariodesanpedro.com.ar\/sitio\/wp-json\/wp\/v2\/comments?post=69615"}],"version-history":[{"count":1,"href":"https:\/\/eldiariodesanpedro.com.ar\/sitio\/wp-json\/wp\/v2\/posts\/69615\/revisions"}],"predecessor-version":[{"id":69617,"href":"https:\/\/eldiariodesanpedro.com.ar\/sitio\/wp-json\/wp\/v2\/posts\/69615\/revisions\/69617"}],"wp:featuredmedia":[{"embeddable":true,"href":"https:\/\/eldiariodesanpedro.com.ar\/sitio\/wp-json\/wp\/v2\/media\/69616"}],"wp:attachment":[{"href":"https:\/\/eldiariodesanpedro.com.ar\/sitio\/wp-json\/wp\/v2\/media?parent=69615"}],"wp:term":[{"taxonomy":"category","embeddable":true,"href":"https:\/\/eldiariodesanpedro.com.ar\/sitio\/wp-json\/wp\/v2\/categories?post=69615"},{"taxonomy":"post_tag","embeddable":true,"href":"https:\/\/eldiariodesanpedro.com.ar\/sitio\/wp-json\/wp\/v2\/tags?post=69615"}],"curies":[{"name":"wp","href":"https:\/\/api.w.org\/{rel}","templated":true}]}}