{"id":69540,"date":"2020-03-01T15:50:23","date_gmt":"2020-03-01T18:50:23","guid":{"rendered":"https:\/\/eldiariodesanpedro.com.ar\/sitio\/?p=69540"},"modified":"2020-03-01T15:51:48","modified_gmt":"2020-03-01T18:51:48","slug":"el-consejo-directivo-de-la-liga-renovo-su-mandato-por-dos-anos-mas","status":"publish","type":"post","link":"https:\/\/eldiariodesanpedro.com.ar\/sitio\/el-consejo-directivo-de-la-liga-renovo-su-mandato-por-dos-anos-mas\/","title":{"rendered":"El Consejo Directivo de la liga renov\u00f3 su mandato por dos a\u00f1os m\u00e1s"},"content":{"rendered":"<!-- VideographyWP Plugin Message: Automatic video embedding prevented by plugin options. -->\n\n<p>Se llev\u00f3 a cabo la asamblea anual ordinaria, con presencia de sus clubes afiliados, la cual determin\u00f3 que las actuales autoridades liguistas contin\u00faen por dos a\u00f1os m\u00e1s en sus mandatos.\u00a0<\/p>\n\n\n\n<p> La Asamblea se llev\u00f3 a cabo el viernes, y adem\u00e1s de aprobar la memoria y balance de forma un\u00e1nime, aprobaron los formatos de\u00a0Torneos\u00a0para el a\u00f1o 2020, los clubes\u00a0decidieron\u00a0apoyar el ingreso de Deportivo La Roca (sin objeci\u00f3n) y Los Andes (ingresaron luego de la asamblea de 2019, aunque el Club A. Los Andes envi\u00f3 esta semana nota de desafiliaci\u00f3n al no participar del f\u00fatbol\u00a0femenino) y Social y Deportivo San Roque, la afiliaci\u00f3n de este \u00faltimo llev\u00f3 a un a votaci\u00f3n la que se impuso 8 a 4 por la afirmativa.<\/p>\n\n\n\n<p>Continuar\u00e1 al frente del Honorable Tribunal de Penas V\u00edctor Orrego quien conformar\u00e1 el nuevo tribunal y la renovaci\u00f3n total del Consejo Directivo, quienes&nbsp;asumieron&nbsp;en 2018 con Hugo Cejas como Presidente renov\u00f3 su&nbsp;mandato por dos a\u00f1os, quedando integrada de la siguiente manera:&nbsp;<\/p>\n\n\n\n<p>Presidente: Hugo Cejas<br>Vicepresidente: Andr\u00e9s\u00a0S\u00e1nchez<br>Secretario: Jos\u00e9 Gorosito<br>Prosecretario: Juan Di Napoli<br>Tesorero: Carlos Jaime<br>Protesorero: Diego Mastaglio.<br>Vocales: Todos los Consejeros titulares y suplentes de clubes afiliados.\u00a0<\/p>\n\n\n\n<p>Fuente: Diario El Informante<\/p>\n","protected":false},"excerpt":{"rendered":"<p>Se llev\u00f3 a cabo la asamblea anual ordinaria, con presencia de sus clubes afiliados, la cual determin\u00f3 que las actuales autoridades liguistas contin\u00faen por dos a\u00f1os m\u00e1s en sus mandatos.\u00a0 La Asamblea se llev\u00f3 a cabo el viernes, y adem\u00e1s de aprobar la memoria y balance de forma un\u00e1nime, aprobaron los formatos de\u00a0Torneos\u00a0para el a\u00f1o [&hellip;]<\/p>\n","protected":false},"author":4,"featured_media":69541,"comment_status":"open","ping_status":"closed","sticky":false,"template":"","format":"standard","meta":{"om_disable_all_campaigns":false,"_jetpack_memberships_contains_paid_content":false,"footnotes":""},"categories":[101,2],"tags":[],"class_list":["post-69540","post","type-post","status-publish","format-standard","has-post-thumbnail","hentry","category-interes-general-locales","category-locales"],"aioseo_notices":[],"gutentor_comment":0,"jetpack_featured_media_url":"https:\/\/eldiariodesanpedro.com.ar\/sitio\/wp-content\/uploads\/2020\/03\/000082471.jpg","jetpack_shortlink":"https:\/\/wp.me\/p6RhLt-i5C","jetpack_sharing_enabled":true,"_links":{"self":[{"href":"https:\/\/eldiariodesanpedro.com.ar\/sitio\/wp-json\/wp\/v2\/posts\/69540","targetHints":{"allow":["GET"]}}],"collection":[{"href":"https:\/\/eldiariodesanpedro.com.ar\/sitio\/wp-json\/wp\/v2\/posts"}],"about":[{"href":"https:\/\/eldiariodesanpedro.com.ar\/sitio\/wp-json\/wp\/v2\/types\/post"}],"author":[{"embeddable":true,"href":"https:\/\/eldiariodesanpedro.com.ar\/sitio\/wp-json\/wp\/v2\/users\/4"}],"replies":[{"embeddable":true,"href":"https:\/\/eldiariodesanpedro.com.ar\/sitio\/wp-json\/wp\/v2\/comments?post=69540"}],"version-history":[{"count":2,"href":"https:\/\/eldiariodesanpedro.com.ar\/sitio\/wp-json\/wp\/v2\/posts\/69540\/revisions"}],"predecessor-version":[{"id":69543,"href":"https:\/\/eldiariodesanpedro.com.ar\/sitio\/wp-json\/wp\/v2\/posts\/69540\/revisions\/69543"}],"wp:featuredmedia":[{"embeddable":true,"href":"https:\/\/eldiariodesanpedro.com.ar\/sitio\/wp-json\/wp\/v2\/media\/69541"}],"wp:attachment":[{"href":"https:\/\/eldiariodesanpedro.com.ar\/sitio\/wp-json\/wp\/v2\/media?parent=69540"}],"wp:term":[{"taxonomy":"category","embeddable":true,"href":"https:\/\/eldiariodesanpedro.com.ar\/sitio\/wp-json\/wp\/v2\/categories?post=69540"},{"taxonomy":"post_tag","embeddable":true,"href":"https:\/\/eldiariodesanpedro.com.ar\/sitio\/wp-json\/wp\/v2\/tags?post=69540"}],"curies":[{"name":"wp","href":"https:\/\/api.w.org\/{rel}","templated":true}]}}