{"id":69532,"date":"2020-03-01T13:56:13","date_gmt":"2020-03-01T16:56:13","guid":{"rendered":"https:\/\/eldiariodesanpedro.com.ar\/sitio\/?p=69532"},"modified":"2020-03-01T13:56:19","modified_gmt":"2020-03-01T16:56:19","slug":"apertura-de-sesiones-del-hcd-y-mensaje-del-intendente-interino-ramon-salazar","status":"publish","type":"post","link":"https:\/\/eldiariodesanpedro.com.ar\/sitio\/apertura-de-sesiones-del-hcd-y-mensaje-del-intendente-interino-ramon-salazar\/","title":{"rendered":"Apertura de Sesiones del HCD y mensaje del Intendente Interino Ram\u00f3n Salazar"},"content":{"rendered":"<!-- VideographyWP Plugin Message: Automatic video embedding prevented by plugin options. -->\n\n<p> En el Sal\u00f3n Dorado de la Municipalidad de San Pedro se cumpli\u00f3 este domingo 1 de marzo desde las 9, con la Apertura de Sesiones Ordinarias del Honorable Concejo Deliberante. Se estableci\u00f3 que el cuerpo sesionar\u00e1 los segundos y cuartos jueves de cada mes a las 10 hs. <\/p>\n\n\n\n<p>Reemplazando al Intendente Cecilio Salazar, el Dr. Ram\u00f3n Salazar, actual Intendente Interno de San Pedro brind\u00f3 un mensaje en el que se repasaron aspectos salientes de la gesti\u00f3n durante el 2019 y traz\u00f3 un perfil de acciones y gestiones para el 2020. <\/p>\n\n\n\n<p>Hizo adem\u00e1s un llamado a los concejales de todos los espacios pol\u00edticos para trabajar en conjunto por todos los temas que les preocupan a los vecinos. <\/p>\n\n\n\n<figure class=\"wp-block-image size-large\"><img decoding=\"async\" width=\"1024\" height=\"719\" data-attachment-id=\"69534\" data-permalink=\"https:\/\/eldiariodesanpedro.com.ar\/sitio\/apertura-de-sesiones-del-hcd-y-mensaje-del-intendente-interino-ramon-salazar\/bi4a30561\/\" data-orig-file=\"https:\/\/eldiariodesanpedro.com.ar\/sitio\/wp-content\/uploads\/2020\/03\/BI4A30561-scaled.jpg\" data-orig-size=\"2560,1797\" data-comments-opened=\"1\" data-image-meta=\"{&quot;aperture&quot;:&quot;4&quot;,&quot;credit&quot;:&quot;&quot;,&quot;camera&quot;:&quot;Canon EOS 5D Mark III&quot;,&quot;caption&quot;:&quot;&quot;,&quot;created_timestamp&quot;:&quot;1590743193&quot;,&quot;copyright&quot;:&quot;&quot;,&quot;focal_length&quot;:&quot;88&quot;,&quot;iso&quot;:&quot;8000&quot;,&quot;shutter_speed&quot;:&quot;0.008&quot;,&quot;title&quot;:&quot;&quot;,&quot;orientation&quot;:&quot;0&quot;}\" data-image-title=\"BI4A3056(1)\" data-image-description=\"\" data-image-caption=\"\" data-large-file=\"https:\/\/eldiariodesanpedro.com.ar\/sitio\/wp-content\/uploads\/2020\/03\/BI4A30561-1024x719.jpg\" data-src=\"https:\/\/eldiariodesanpedro.com.ar\/sitio\/wp-content\/uploads\/2020\/03\/BI4A30561-1024x719.jpg\" alt=\"\" class=\"wp-image-69534 lazyload\" data-srcset=\"https:\/\/eldiariodesanpedro.com.ar\/sitio\/wp-content\/uploads\/2020\/03\/BI4A30561-1024x719.jpg 1024w, https:\/\/eldiariodesanpedro.com.ar\/sitio\/wp-content\/uploads\/2020\/03\/BI4A30561-300x211.jpg 300w, https:\/\/eldiariodesanpedro.com.ar\/sitio\/wp-content\/uploads\/2020\/03\/BI4A30561-768x539.jpg 768w, https:\/\/eldiariodesanpedro.com.ar\/sitio\/wp-content\/uploads\/2020\/03\/BI4A30561-1536x1078.jpg 1536w, https:\/\/eldiariodesanpedro.com.ar\/sitio\/wp-content\/uploads\/2020\/03\/BI4A30561-2048x1438.jpg 2048w\" data-sizes=\"(max-width: 1024px) 100vw, 1024px\" src=\"data:image\/svg+xml;base64,PHN2ZyB3aWR0aD0iMSIgaGVpZ2h0PSIxIiB4bWxucz0iaHR0cDovL3d3dy53My5vcmcvMjAwMC9zdmciPjwvc3ZnPg==\" style=\"--smush-placeholder-width: 1024px; --smush-placeholder-aspect-ratio: 1024\/719;\" \/><\/figure>\n\n\n\n<figure class=\"wp-block-image size-large\"><img decoding=\"async\" width=\"1024\" height=\"704\" data-attachment-id=\"69535\" data-permalink=\"https:\/\/eldiariodesanpedro.com.ar\/sitio\/apertura-de-sesiones-del-hcd-y-mensaje-del-intendente-interino-ramon-salazar\/bi4a3062\/\" data-orig-file=\"https:\/\/eldiariodesanpedro.com.ar\/sitio\/wp-content\/uploads\/2020\/03\/BI4A3062-scaled.jpg\" data-orig-size=\"2560,1760\" data-comments-opened=\"1\" data-image-meta=\"{&quot;aperture&quot;:&quot;4&quot;,&quot;credit&quot;:&quot;&quot;,&quot;camera&quot;:&quot;Canon EOS 5D Mark III&quot;,&quot;caption&quot;:&quot;&quot;,&quot;created_timestamp&quot;:&quot;1590743237&quot;,&quot;copyright&quot;:&quot;&quot;,&quot;focal_length&quot;:&quot;28&quot;,&quot;iso&quot;:&quot;1000&quot;,&quot;shutter_speed&quot;:&quot;0.016666666666667&quot;,&quot;title&quot;:&quot;&quot;,&quot;orientation&quot;:&quot;0&quot;}\" data-image-title=\"BI4A3062\" data-image-description=\"\" data-image-caption=\"\" data-large-file=\"https:\/\/eldiariodesanpedro.com.ar\/sitio\/wp-content\/uploads\/2020\/03\/BI4A3062-1024x704.jpg\" data-src=\"https:\/\/eldiariodesanpedro.com.ar\/sitio\/wp-content\/uploads\/2020\/03\/BI4A3062-1024x704.jpg\" alt=\"\" class=\"wp-image-69535 lazyload\" data-srcset=\"https:\/\/eldiariodesanpedro.com.ar\/sitio\/wp-content\/uploads\/2020\/03\/BI4A3062-1024x704.jpg 1024w, https:\/\/eldiariodesanpedro.com.ar\/sitio\/wp-content\/uploads\/2020\/03\/BI4A3062-300x206.jpg 300w, https:\/\/eldiariodesanpedro.com.ar\/sitio\/wp-content\/uploads\/2020\/03\/BI4A3062-768x528.jpg 768w, https:\/\/eldiariodesanpedro.com.ar\/sitio\/wp-content\/uploads\/2020\/03\/BI4A3062-1536x1056.jpg 1536w, https:\/\/eldiariodesanpedro.com.ar\/sitio\/wp-content\/uploads\/2020\/03\/BI4A3062-2048x1408.jpg 2048w\" data-sizes=\"(max-width: 1024px) 100vw, 1024px\" src=\"data:image\/svg+xml;base64,PHN2ZyB3aWR0aD0iMSIgaGVpZ2h0PSIxIiB4bWxucz0iaHR0cDovL3d3dy53My5vcmcvMjAwMC9zdmciPjwvc3ZnPg==\" style=\"--smush-placeholder-width: 1024px; --smush-placeholder-aspect-ratio: 1024\/704;\" \/><\/figure>\n\n\n\n<figure class=\"wp-block-image size-large\"><img decoding=\"async\" width=\"1024\" height=\"628\" data-attachment-id=\"69536\" data-permalink=\"https:\/\/eldiariodesanpedro.com.ar\/sitio\/apertura-de-sesiones-del-hcd-y-mensaje-del-intendente-interino-ramon-salazar\/bi4a3074\/\" data-orig-file=\"https:\/\/eldiariodesanpedro.com.ar\/sitio\/wp-content\/uploads\/2020\/03\/BI4A3074-scaled.jpg\" data-orig-size=\"2560,1570\" data-comments-opened=\"1\" data-image-meta=\"{&quot;aperture&quot;:&quot;4&quot;,&quot;credit&quot;:&quot;&quot;,&quot;camera&quot;:&quot;Canon EOS 5D Mark III&quot;,&quot;caption&quot;:&quot;&quot;,&quot;created_timestamp&quot;:&quot;1590743421&quot;,&quot;copyright&quot;:&quot;&quot;,&quot;focal_length&quot;:&quot;24&quot;,&quot;iso&quot;:&quot;1600&quot;,&quot;shutter_speed&quot;:&quot;0.016666666666667&quot;,&quot;title&quot;:&quot;&quot;,&quot;orientation&quot;:&quot;0&quot;}\" data-image-title=\"BI4A3074\" data-image-description=\"\" data-image-caption=\"\" data-large-file=\"https:\/\/eldiariodesanpedro.com.ar\/sitio\/wp-content\/uploads\/2020\/03\/BI4A3074-1024x628.jpg\" data-src=\"https:\/\/eldiariodesanpedro.com.ar\/sitio\/wp-content\/uploads\/2020\/03\/BI4A3074-1024x628.jpg\" alt=\"\" class=\"wp-image-69536 lazyload\" data-srcset=\"https:\/\/eldiariodesanpedro.com.ar\/sitio\/wp-content\/uploads\/2020\/03\/BI4A3074-1024x628.jpg 1024w, https:\/\/eldiariodesanpedro.com.ar\/sitio\/wp-content\/uploads\/2020\/03\/BI4A3074-300x184.jpg 300w, https:\/\/eldiariodesanpedro.com.ar\/sitio\/wp-content\/uploads\/2020\/03\/BI4A3074-768x471.jpg 768w, https:\/\/eldiariodesanpedro.com.ar\/sitio\/wp-content\/uploads\/2020\/03\/BI4A3074-1536x942.jpg 1536w, https:\/\/eldiariodesanpedro.com.ar\/sitio\/wp-content\/uploads\/2020\/03\/BI4A3074-2048x1256.jpg 2048w\" data-sizes=\"(max-width: 1024px) 100vw, 1024px\" src=\"data:image\/svg+xml;base64,PHN2ZyB3aWR0aD0iMSIgaGVpZ2h0PSIxIiB4bWxucz0iaHR0cDovL3d3dy53My5vcmcvMjAwMC9zdmciPjwvc3ZnPg==\" style=\"--smush-placeholder-width: 1024px; --smush-placeholder-aspect-ratio: 1024\/628;\" \/><\/figure>\n","protected":false},"excerpt":{"rendered":"<p>En el Sal\u00f3n Dorado de la Municipalidad de San Pedro se cumpli\u00f3 este domingo 1 de marzo desde las 9, con la Apertura de Sesiones Ordinarias del Honorable Concejo Deliberante. Se estableci\u00f3 que el cuerpo sesionar\u00e1 los segundos y cuartos jueves de cada mes a las 10 hs. Reemplazando al Intendente Cecilio Salazar, el Dr. [&hellip;]<\/p>\n","protected":false},"author":4,"featured_media":69533,"comment_status":"open","ping_status":"closed","sticky":false,"template":"","format":"standard","meta":{"om_disable_all_campaigns":false,"_jetpack_memberships_contains_paid_content":false,"footnotes":""},"categories":[50,101,2],"tags":[],"class_list":["post-69532","post","type-post","status-publish","format-standard","has-post-thumbnail","hentry","category-destacadas","category-interes-general-locales","category-locales"],"aioseo_notices":[],"gutentor_comment":0,"jetpack_featured_media_url":"https:\/\/eldiariodesanpedro.com.ar\/sitio\/wp-content\/uploads\/2020\/03\/BI4A3044-scaled.jpg","jetpack_shortlink":"https:\/\/wp.me\/p6RhLt-i5u","jetpack_sharing_enabled":true,"_links":{"self":[{"href":"https:\/\/eldiariodesanpedro.com.ar\/sitio\/wp-json\/wp\/v2\/posts\/69532","targetHints":{"allow":["GET"]}}],"collection":[{"href":"https:\/\/eldiariodesanpedro.com.ar\/sitio\/wp-json\/wp\/v2\/posts"}],"about":[{"href":"https:\/\/eldiariodesanpedro.com.ar\/sitio\/wp-json\/wp\/v2\/types\/post"}],"author":[{"embeddable":true,"href":"https:\/\/eldiariodesanpedro.com.ar\/sitio\/wp-json\/wp\/v2\/users\/4"}],"replies":[{"embeddable":true,"href":"https:\/\/eldiariodesanpedro.com.ar\/sitio\/wp-json\/wp\/v2\/comments?post=69532"}],"version-history":[{"count":1,"href":"https:\/\/eldiariodesanpedro.com.ar\/sitio\/wp-json\/wp\/v2\/posts\/69532\/revisions"}],"predecessor-version":[{"id":69537,"href":"https:\/\/eldiariodesanpedro.com.ar\/sitio\/wp-json\/wp\/v2\/posts\/69532\/revisions\/69537"}],"wp:featuredmedia":[{"embeddable":true,"href":"https:\/\/eldiariodesanpedro.com.ar\/sitio\/wp-json\/wp\/v2\/media\/69533"}],"wp:attachment":[{"href":"https:\/\/eldiariodesanpedro.com.ar\/sitio\/wp-json\/wp\/v2\/media?parent=69532"}],"wp:term":[{"taxonomy":"category","embeddable":true,"href":"https:\/\/eldiariodesanpedro.com.ar\/sitio\/wp-json\/wp\/v2\/categories?post=69532"},{"taxonomy":"post_tag","embeddable":true,"href":"https:\/\/eldiariodesanpedro.com.ar\/sitio\/wp-json\/wp\/v2\/tags?post=69532"}],"curies":[{"name":"wp","href":"https:\/\/api.w.org\/{rel}","templated":true}]}}