{"id":69524,"date":"2020-03-01T13:50:05","date_gmt":"2020-03-01T16:50:05","guid":{"rendered":"https:\/\/eldiariodesanpedro.com.ar\/sitio\/?p=69524"},"modified":"2020-03-01T13:50:11","modified_gmt":"2020-03-01T16:50:11","slug":"inscripcion-abierta-para-posgrados-en-marketing-y-ventas-y-en-gestion-de-calidad-en-comercio-internacional","status":"publish","type":"post","link":"https:\/\/eldiariodesanpedro.com.ar\/sitio\/inscripcion-abierta-para-posgrados-en-marketing-y-ventas-y-en-gestion-de-calidad-en-comercio-internacional\/","title":{"rendered":"Inscripci\u00f3n abierta para Posgrados en Marketing  y Ventas y en Gesti\u00f3n de Calidad en Comercio Internacional"},"content":{"rendered":"<!-- VideographyWP Plugin Message: Automatic video embedding prevented by plugin options. -->\n\n<p>\n\nEl Centro de Comercio Industria y Turismo de San Pedro recuerda que est\u00e1n abiertas hasta el 15 de Marzo las inscripciones para dos propuestas de formaci\u00f3n de la Universidad Nacional de Tres de Febrero.&nbsp;<\/p>\n\n\n\n<p>Por un lado,&nbsp;&nbsp;el&nbsp;<strong>Curso de Posgrado de Direcci\u00f3n Estrat\u00e9gica de Marketing e Innovaci\u00f3n en Ventas<\/strong>&nbsp;y por otro una especializaci\u00f3n en&nbsp;<strong>Gesti\u00f3n Log\u00edstica, Calidad y Comercio Internacional<\/strong>&nbsp;con orientaci\u00f3n en alimentos.<\/p>\n\n\n\n<p>Ambas propuestas est\u00e1n apuntadas\u00a0\u00a0a quienes deseen incorporar a sus actividades mejores herramientas para ampliar sus recursos en log\u00edstica, financiamiento, emprendedurismo y marketing.\u00a0La\u00a0<a rel=\"noreferrer noopener\" href=\"https:\/\/www.untref.edu.ar\/\" target=\"_blank\">Universidad Nacional de Tres de Febrero<\/a>\u00a0cuenta con una amplia experiencia en este tipo de posgrados, respaldada por profesionales de alto nivel acad\u00e9mico.\u00a0\u00a0<em>La informaci\u00f3n sobre aranceles y la inscripci\u00f3n puede concretarse en las oficinas del CCIT con beneficios especiales para socios y sorteos de medias becas para quienes anticipen su registro.\u00a0<\/em><\/p>\n\n\n\n<p><em><strong>M\u00e1s informaci\u00f3n en Mtre 650,\u00a0<a rel=\"noreferrer noopener\" href=\"mailto:centrodecomercio@arnetbiz.com.ar\" target=\"_blank\">centrodecomercio@arnetbiz.com.ar<\/a>\u00a0o a los tel\u00e9fonos 423386 425266 o al 3329 599 000.<\/strong><\/em><\/p>\n\n\n\n<figure class=\"wp-block-image size-large\"><img decoding=\"async\" width=\"1024\" height=\"1024\" data-attachment-id=\"69525\" data-permalink=\"https:\/\/eldiariodesanpedro.com.ar\/sitio\/inscripcion-abierta-para-posgrados-en-marketing-y-ventas-y-en-gestion-de-calidad-en-comercio-internacional\/untref_ccit-1\/\" data-orig-file=\"https:\/\/eldiariodesanpedro.com.ar\/sitio\/wp-content\/uploads\/2020\/03\/UNTREF_CCIT-1.jpeg\" data-orig-size=\"1080,1080\" data-comments-opened=\"1\" data-image-meta=\"{&quot;aperture&quot;:&quot;0&quot;,&quot;credit&quot;:&quot;&quot;,&quot;camera&quot;:&quot;&quot;,&quot;caption&quot;:&quot;&quot;,&quot;created_timestamp&quot;:&quot;0&quot;,&quot;copyright&quot;:&quot;&quot;,&quot;focal_length&quot;:&quot;0&quot;,&quot;iso&quot;:&quot;0&quot;,&quot;shutter_speed&quot;:&quot;0&quot;,&quot;title&quot;:&quot;&quot;,&quot;orientation&quot;:&quot;0&quot;}\" data-image-title=\"UNTREF_CCIT (1)\" data-image-description=\"\" data-image-caption=\"\" data-large-file=\"https:\/\/eldiariodesanpedro.com.ar\/sitio\/wp-content\/uploads\/2020\/03\/UNTREF_CCIT-1-1024x1024.jpeg\" data-src=\"https:\/\/eldiariodesanpedro.com.ar\/sitio\/wp-content\/uploads\/2020\/03\/UNTREF_CCIT-1-1024x1024.jpeg\" alt=\"\" class=\"wp-image-69525 lazyload\" data-srcset=\"https:\/\/eldiariodesanpedro.com.ar\/sitio\/wp-content\/uploads\/2020\/03\/UNTREF_CCIT-1-1024x1024.jpeg 1024w, https:\/\/eldiariodesanpedro.com.ar\/sitio\/wp-content\/uploads\/2020\/03\/UNTREF_CCIT-1-300x300.jpeg 300w, https:\/\/eldiariodesanpedro.com.ar\/sitio\/wp-content\/uploads\/2020\/03\/UNTREF_CCIT-1-150x150.jpeg 150w, https:\/\/eldiariodesanpedro.com.ar\/sitio\/wp-content\/uploads\/2020\/03\/UNTREF_CCIT-1-768x768.jpeg 768w, https:\/\/eldiariodesanpedro.com.ar\/sitio\/wp-content\/uploads\/2020\/03\/UNTREF_CCIT-1.jpeg 1080w\" data-sizes=\"(max-width: 1024px) 100vw, 1024px\" src=\"data:image\/svg+xml;base64,PHN2ZyB3aWR0aD0iMSIgaGVpZ2h0PSIxIiB4bWxucz0iaHR0cDovL3d3dy53My5vcmcvMjAwMC9zdmciPjwvc3ZnPg==\" style=\"--smush-placeholder-width: 1024px; --smush-placeholder-aspect-ratio: 1024\/1024;\" \/><\/figure>\n\n\n\n<figure class=\"wp-block-image size-large\"><img decoding=\"async\" width=\"1024\" height=\"1024\" data-attachment-id=\"69526\" data-permalink=\"https:\/\/eldiariodesanpedro.com.ar\/sitio\/inscripcion-abierta-para-posgrados-en-marketing-y-ventas-y-en-gestion-de-calidad-en-comercio-internacional\/untref_ccit-2\/\" data-orig-file=\"https:\/\/eldiariodesanpedro.com.ar\/sitio\/wp-content\/uploads\/2020\/03\/UNTREF_CCIT-2.jpeg\" data-orig-size=\"1080,1080\" data-comments-opened=\"1\" data-image-meta=\"{&quot;aperture&quot;:&quot;0&quot;,&quot;credit&quot;:&quot;&quot;,&quot;camera&quot;:&quot;&quot;,&quot;caption&quot;:&quot;&quot;,&quot;created_timestamp&quot;:&quot;0&quot;,&quot;copyright&quot;:&quot;&quot;,&quot;focal_length&quot;:&quot;0&quot;,&quot;iso&quot;:&quot;0&quot;,&quot;shutter_speed&quot;:&quot;0&quot;,&quot;title&quot;:&quot;&quot;,&quot;orientation&quot;:&quot;0&quot;}\" data-image-title=\"UNTREF_CCIT (2)\" data-image-description=\"\" data-image-caption=\"\" data-large-file=\"https:\/\/eldiariodesanpedro.com.ar\/sitio\/wp-content\/uploads\/2020\/03\/UNTREF_CCIT-2-1024x1024.jpeg\" data-src=\"https:\/\/eldiariodesanpedro.com.ar\/sitio\/wp-content\/uploads\/2020\/03\/UNTREF_CCIT-2-1024x1024.jpeg\" alt=\"\" class=\"wp-image-69526 lazyload\" data-srcset=\"https:\/\/eldiariodesanpedro.com.ar\/sitio\/wp-content\/uploads\/2020\/03\/UNTREF_CCIT-2-1024x1024.jpeg 1024w, https:\/\/eldiariodesanpedro.com.ar\/sitio\/wp-content\/uploads\/2020\/03\/UNTREF_CCIT-2-300x300.jpeg 300w, https:\/\/eldiariodesanpedro.com.ar\/sitio\/wp-content\/uploads\/2020\/03\/UNTREF_CCIT-2-150x150.jpeg 150w, https:\/\/eldiariodesanpedro.com.ar\/sitio\/wp-content\/uploads\/2020\/03\/UNTREF_CCIT-2-768x768.jpeg 768w, https:\/\/eldiariodesanpedro.com.ar\/sitio\/wp-content\/uploads\/2020\/03\/UNTREF_CCIT-2.jpeg 1080w\" data-sizes=\"(max-width: 1024px) 100vw, 1024px\" src=\"data:image\/svg+xml;base64,PHN2ZyB3aWR0aD0iMSIgaGVpZ2h0PSIxIiB4bWxucz0iaHR0cDovL3d3dy53My5vcmcvMjAwMC9zdmciPjwvc3ZnPg==\" style=\"--smush-placeholder-width: 1024px; --smush-placeholder-aspect-ratio: 1024\/1024;\" \/><\/figure>\n","protected":false},"excerpt":{"rendered":"<p>El Centro de Comercio Industria y Turismo de San Pedro recuerda que est\u00e1n abiertas hasta el 15 de Marzo las inscripciones para dos propuestas de formaci\u00f3n de la Universidad Nacional de Tres de Febrero.&nbsp; Por un lado,&nbsp;&nbsp;el&nbsp;Curso de Posgrado de Direcci\u00f3n Estrat\u00e9gica de Marketing e Innovaci\u00f3n en Ventas&nbsp;y por otro una especializaci\u00f3n en&nbsp;Gesti\u00f3n Log\u00edstica, Calidad [&hellip;]<\/p>\n","protected":false},"author":4,"featured_media":69525,"comment_status":"open","ping_status":"closed","sticky":false,"template":"","format":"standard","meta":{"om_disable_all_campaigns":false,"_jetpack_memberships_contains_paid_content":false,"footnotes":""},"categories":[101,2],"tags":[],"class_list":["post-69524","post","type-post","status-publish","format-standard","has-post-thumbnail","hentry","category-interes-general-locales","category-locales"],"aioseo_notices":[],"gutentor_comment":0,"jetpack_featured_media_url":"https:\/\/eldiariodesanpedro.com.ar\/sitio\/wp-content\/uploads\/2020\/03\/UNTREF_CCIT-1.jpeg","jetpack_shortlink":"https:\/\/wp.me\/p6RhLt-i5m","jetpack_sharing_enabled":true,"_links":{"self":[{"href":"https:\/\/eldiariodesanpedro.com.ar\/sitio\/wp-json\/wp\/v2\/posts\/69524","targetHints":{"allow":["GET"]}}],"collection":[{"href":"https:\/\/eldiariodesanpedro.com.ar\/sitio\/wp-json\/wp\/v2\/posts"}],"about":[{"href":"https:\/\/eldiariodesanpedro.com.ar\/sitio\/wp-json\/wp\/v2\/types\/post"}],"author":[{"embeddable":true,"href":"https:\/\/eldiariodesanpedro.com.ar\/sitio\/wp-json\/wp\/v2\/users\/4"}],"replies":[{"embeddable":true,"href":"https:\/\/eldiariodesanpedro.com.ar\/sitio\/wp-json\/wp\/v2\/comments?post=69524"}],"version-history":[{"count":1,"href":"https:\/\/eldiariodesanpedro.com.ar\/sitio\/wp-json\/wp\/v2\/posts\/69524\/revisions"}],"predecessor-version":[{"id":69527,"href":"https:\/\/eldiariodesanpedro.com.ar\/sitio\/wp-json\/wp\/v2\/posts\/69524\/revisions\/69527"}],"wp:featuredmedia":[{"embeddable":true,"href":"https:\/\/eldiariodesanpedro.com.ar\/sitio\/wp-json\/wp\/v2\/media\/69525"}],"wp:attachment":[{"href":"https:\/\/eldiariodesanpedro.com.ar\/sitio\/wp-json\/wp\/v2\/media?parent=69524"}],"wp:term":[{"taxonomy":"category","embeddable":true,"href":"https:\/\/eldiariodesanpedro.com.ar\/sitio\/wp-json\/wp\/v2\/categories?post=69524"},{"taxonomy":"post_tag","embeddable":true,"href":"https:\/\/eldiariodesanpedro.com.ar\/sitio\/wp-json\/wp\/v2\/tags?post=69524"}],"curies":[{"name":"wp","href":"https:\/\/api.w.org\/{rel}","templated":true}]}}