{"id":69521,"date":"2020-02-29T20:04:56","date_gmt":"2020-02-29T23:04:56","guid":{"rendered":"https:\/\/eldiariodesanpedro.com.ar\/sitio\/?p=69521"},"modified":"2020-02-29T20:04:57","modified_gmt":"2020-02-29T23:04:57","slug":"ramallo-comienza-la-construccion-del-banco-provincia-en-villa-ramallo","status":"publish","type":"post","link":"https:\/\/eldiariodesanpedro.com.ar\/sitio\/ramallo-comienza-la-construccion-del-banco-provincia-en-villa-ramallo\/","title":{"rendered":"RAMALLO | Comienza la construcci\u00f3n del Banco Provincia en Villa Ramallo"},"content":{"rendered":"<!-- VideographyWP Plugin Message: Automatic video embedding prevented by plugin options. -->\n\n<p>\n\nEl arquitecto Pablo Rib\u00e9 estim\u00f3 que las obras deben comenzar en dos semanas<\/p>\n\n\n\n<p>El Banco Provincia finalmente comenzar\u00e1 con la contrucci\u00f3n de su sucursal en la localidad de Villa Ramallo. La obra comenzar\u00eda en dos semanas.<\/p>\n\n\n\n<p>El arquitecto Pablo Rib\u00e9 fue contactado por una empresa pampeana, a la que se le adjudic\u00f3 la obra, para acompa\u00f1arlos en la presentaci\u00f3n de la documentaci\u00f3n al Municipio y la direcci\u00f3n de obra de la sucursal del Banco Provincia de Villa Ramallo.<\/p>\n\n\n\n<p>\u201cAntes de ayer me contaron de una empresa de La Pampa, que gan\u00f3 la licitaci\u00f3n del Banco Provincia. Quer\u00edan que los acompa\u00f1e a presentar la documentaci\u00f3n al municipio\u201d, dijo en Radio Meta.<\/p>\n\n\n\n<p>Rib\u00e9, que har\u00e1 la supervisi\u00f3n de la obra, dijo que \u201cen 15 d\u00edas tendr\u00edan que estar en obra\u00bb, y asegur\u00f3 que la empresa \u00abTiene mucha experiencia\u00bb, ya que se trata de la misma que \u00abconstruy\u00f3 el Banco Provincial de La Pampa\u201d.<\/p>\n\n\n\n<p>Fuente: Meta FM<\/p>\n","protected":false},"excerpt":{"rendered":"<p>El arquitecto Pablo Rib\u00e9 estim\u00f3 que las obras deben comenzar en dos semanas El Banco Provincia finalmente comenzar\u00e1 con la contrucci\u00f3n de su sucursal en la localidad de Villa Ramallo. La obra comenzar\u00eda en dos semanas. El arquitecto Pablo Rib\u00e9 fue contactado por una empresa pampeana, a la que se le adjudic\u00f3 la obra, para [&hellip;]<\/p>\n","protected":false},"author":4,"featured_media":69522,"comment_status":"open","ping_status":"closed","sticky":false,"template":"","format":"standard","meta":{"om_disable_all_campaigns":false,"_jetpack_memberships_contains_paid_content":false,"footnotes":""},"categories":[621],"tags":[],"class_list":["post-69521","post","type-post","status-publish","format-standard","has-post-thumbnail","hentry","category-regionales"],"aioseo_notices":[],"gutentor_comment":0,"jetpack_featured_media_url":"https:\/\/eldiariodesanpedro.com.ar\/sitio\/wp-content\/uploads\/2020\/02\/villa_ramallo.jpg","jetpack_shortlink":"https:\/\/wp.me\/p6RhLt-i5j","jetpack_sharing_enabled":true,"_links":{"self":[{"href":"https:\/\/eldiariodesanpedro.com.ar\/sitio\/wp-json\/wp\/v2\/posts\/69521","targetHints":{"allow":["GET"]}}],"collection":[{"href":"https:\/\/eldiariodesanpedro.com.ar\/sitio\/wp-json\/wp\/v2\/posts"}],"about":[{"href":"https:\/\/eldiariodesanpedro.com.ar\/sitio\/wp-json\/wp\/v2\/types\/post"}],"author":[{"embeddable":true,"href":"https:\/\/eldiariodesanpedro.com.ar\/sitio\/wp-json\/wp\/v2\/users\/4"}],"replies":[{"embeddable":true,"href":"https:\/\/eldiariodesanpedro.com.ar\/sitio\/wp-json\/wp\/v2\/comments?post=69521"}],"version-history":[{"count":1,"href":"https:\/\/eldiariodesanpedro.com.ar\/sitio\/wp-json\/wp\/v2\/posts\/69521\/revisions"}],"predecessor-version":[{"id":69523,"href":"https:\/\/eldiariodesanpedro.com.ar\/sitio\/wp-json\/wp\/v2\/posts\/69521\/revisions\/69523"}],"wp:featuredmedia":[{"embeddable":true,"href":"https:\/\/eldiariodesanpedro.com.ar\/sitio\/wp-json\/wp\/v2\/media\/69522"}],"wp:attachment":[{"href":"https:\/\/eldiariodesanpedro.com.ar\/sitio\/wp-json\/wp\/v2\/media?parent=69521"}],"wp:term":[{"taxonomy":"category","embeddable":true,"href":"https:\/\/eldiariodesanpedro.com.ar\/sitio\/wp-json\/wp\/v2\/categories?post=69521"},{"taxonomy":"post_tag","embeddable":true,"href":"https:\/\/eldiariodesanpedro.com.ar\/sitio\/wp-json\/wp\/v2\/tags?post=69521"}],"curies":[{"name":"wp","href":"https:\/\/api.w.org\/{rel}","templated":true}]}}