{"id":69518,"date":"2020-02-29T20:02:49","date_gmt":"2020-02-29T23:02:49","guid":{"rendered":"https:\/\/eldiariodesanpedro.com.ar\/sitio\/?p=69518"},"modified":"2020-02-29T20:02:55","modified_gmt":"2020-02-29T23:02:55","slug":"san-nicolas-murio-reconocido-arbitro-de-basquet-nicoleno-en-un-choque-con-su-moto","status":"publish","type":"post","link":"https:\/\/eldiariodesanpedro.com.ar\/sitio\/san-nicolas-murio-reconocido-arbitro-de-basquet-nicoleno-en-un-choque-con-su-moto\/","title":{"rendered":"SAN NICOL\u00c1S | Muri\u00f3 reconocido \u00e1rbitro de b\u00e1squet nicole\u00f1o en un choque con su moto"},"content":{"rendered":"<!-- VideographyWP Plugin Message: Automatic video embedding prevented by plugin options. -->\n\n<p>\n\nNicol\u00e1s Ferrara ten\u00eda 31 a\u00f1os y volv\u00eda de dirigir un encuentro en Villa Constituci\u00f3n. Investigan c\u00f3mo fue el choque con un auto que le cost\u00f3 la vida<\/p>\n\n\n\n<p>El reconocido \u00e1rbitro de b\u00e1squet Nicol\u00e1s Ferrara volv\u00eda a San Nicol\u00e1s tras dirigir dos encuentros en cancha de Sacachispas de Villa Constituci\u00f3n cuando, en esa localidad y por causas que se investigan, choc\u00f3 con su moto contra un auto y perdi\u00f3 la vida en el acto.<\/p>\n\n\n\n<p>Ferrara, de 31 a\u00f1os, era adem\u00e1s el encargado de torneos y competencias de la Asociaci\u00f3n de Balonmano del Norte de Buenos Aires, siendo parte importante del handball en nuestra regi\u00f3n.&nbsp;<\/p>\n\n\n\n<p>Gran conmoci\u00f3n en el deporte de la ciudad, destacando que Nico era un chico muy querido en el ambiente.<\/p>\n\n\n\n<p>Fuente: Diario El Informante<\/p>\n","protected":false},"excerpt":{"rendered":"<p>Nicol\u00e1s Ferrara ten\u00eda 31 a\u00f1os y volv\u00eda de dirigir un encuentro en Villa Constituci\u00f3n. Investigan c\u00f3mo fue el choque con un auto que le cost\u00f3 la vida El reconocido \u00e1rbitro de b\u00e1squet Nicol\u00e1s Ferrara volv\u00eda a San Nicol\u00e1s tras dirigir dos encuentros en cancha de Sacachispas de Villa Constituci\u00f3n cuando, en esa localidad y por [&hellip;]<\/p>\n","protected":false},"author":4,"featured_media":69519,"comment_status":"open","ping_status":"closed","sticky":false,"template":"","format":"standard","meta":{"om_disable_all_campaigns":false,"_jetpack_memberships_contains_paid_content":false,"footnotes":""},"categories":[621],"tags":[],"class_list":["post-69518","post","type-post","status-publish","format-standard","has-post-thumbnail","hentry","category-regionales"],"aioseo_notices":[],"gutentor_comment":0,"jetpack_featured_media_url":"https:\/\/eldiariodesanpedro.com.ar\/sitio\/wp-content\/uploads\/2020\/02\/ferrara.jpg","jetpack_shortlink":"https:\/\/wp.me\/p6RhLt-i5g","jetpack_sharing_enabled":true,"_links":{"self":[{"href":"https:\/\/eldiariodesanpedro.com.ar\/sitio\/wp-json\/wp\/v2\/posts\/69518","targetHints":{"allow":["GET"]}}],"collection":[{"href":"https:\/\/eldiariodesanpedro.com.ar\/sitio\/wp-json\/wp\/v2\/posts"}],"about":[{"href":"https:\/\/eldiariodesanpedro.com.ar\/sitio\/wp-json\/wp\/v2\/types\/post"}],"author":[{"embeddable":true,"href":"https:\/\/eldiariodesanpedro.com.ar\/sitio\/wp-json\/wp\/v2\/users\/4"}],"replies":[{"embeddable":true,"href":"https:\/\/eldiariodesanpedro.com.ar\/sitio\/wp-json\/wp\/v2\/comments?post=69518"}],"version-history":[{"count":1,"href":"https:\/\/eldiariodesanpedro.com.ar\/sitio\/wp-json\/wp\/v2\/posts\/69518\/revisions"}],"predecessor-version":[{"id":69520,"href":"https:\/\/eldiariodesanpedro.com.ar\/sitio\/wp-json\/wp\/v2\/posts\/69518\/revisions\/69520"}],"wp:featuredmedia":[{"embeddable":true,"href":"https:\/\/eldiariodesanpedro.com.ar\/sitio\/wp-json\/wp\/v2\/media\/69519"}],"wp:attachment":[{"href":"https:\/\/eldiariodesanpedro.com.ar\/sitio\/wp-json\/wp\/v2\/media?parent=69518"}],"wp:term":[{"taxonomy":"category","embeddable":true,"href":"https:\/\/eldiariodesanpedro.com.ar\/sitio\/wp-json\/wp\/v2\/categories?post=69518"},{"taxonomy":"post_tag","embeddable":true,"href":"https:\/\/eldiariodesanpedro.com.ar\/sitio\/wp-json\/wp\/v2\/tags?post=69518"}],"curies":[{"name":"wp","href":"https:\/\/api.w.org\/{rel}","templated":true}]}}