{"id":69515,"date":"2020-02-29T20:00:34","date_gmt":"2020-02-29T23:00:34","guid":{"rendered":"https:\/\/eldiariodesanpedro.com.ar\/sitio\/?p=69515"},"modified":"2020-02-29T20:00:41","modified_gmt":"2020-02-29T23:00:41","slug":"san-nicolas-tres-muertos-en-choque-que-involucro-a-una-ambulancia-tres-autos-y-un-camion-sobre-ruta-188","status":"publish","type":"post","link":"https:\/\/eldiariodesanpedro.com.ar\/sitio\/san-nicolas-tres-muertos-en-choque-que-involucro-a-una-ambulancia-tres-autos-y-un-camion-sobre-ruta-188\/","title":{"rendered":"SAN NICOL\u00c1S | Tres muertos en choque que involucr\u00f3 a una ambulancia, tres autos y un cami\u00f3n sobre Ruta 188"},"content":{"rendered":"<!-- VideographyWP Plugin Message: Automatic video embedding prevented by plugin options. -->\n\n<p>\n\nUn cami\u00f3n, tres autom\u00f3viles y una ambulancia protagonizaron un tremendo siniestro vial que dej\u00f3 v\u00edctimas fatales. Ocurri\u00f3 alrededor de las 6:10 de \u00e9ste s\u00e1bado en el kil\u00f3metro 14 de la Ruta 188, en General Rojo<\/p>\n\n\n\n<p>Investigan las causas que provocaron la colisi\u00f3n entre un Chevrolet Corsa Wagon conducido por Carlos Pare, un cami\u00f3n Volkswagen dominio CSH030 conducido Ariel Ponce, un Ford Fiesta dominio NRK262 conducido por Miriam Innocenti; adem\u00e1s una ambulancia de Conesa conducida por Pedro Abendanio y un autom\u00f3vil Volkwagen Gol. Varios veh\u00edculos quedaron incinerados como consecuencia del siniestro.<\/p>\n\n\n\n<p>Entre las v\u00edctimas fatales se encuentran Omar Innocenti y Elinda Singolani, quienes viajaban dentro de la ambulancia. Tambi\u00e9n falleci\u00f3 el conductor del Volkswagen Gol, Enzo Menchini, tras quedar atrapado en el veh\u00edculo.<\/p>\n\n\n\n<p>\u00c9ste \u00faltimo rodado, el Volkswagen Gol, habr\u00eda generado la tragedia tras intentar pasar por la banquina al cami\u00f3n que circulaba por la ruta en direcci\u00f3n a Pergamino. Al volver a la calzada, choc\u00f3 con el Chevrolet Corsa y el cami\u00f3n lo embisti\u00f3 desencadenando las dem\u00e1s colisiones.<\/p>\n\n\n\n<p>Asistieron al lugar ambulancias de Gral Rojo, La Emilia y trasladaron a las v\u00edctimas al hospital San Felipe, al igual que al resto de las personas que sufrieron diferentes lesiones. Adem\u00e1s estuvo presente una dotaci\u00f3n de bomberos.<\/p>\n\n\n\n<p>El corte fue total en la Ruta 188 en el tramo del kil\u00f3metro 18 hasta el kil\u00f3metro 13.<\/p>\n\n\n\n<p>Se labraron actuaciones por Homicidio Culposo con intervenci\u00f3n de la UFI 6.<\/p>\n\n\n\n<p>Fuente: Diario El Informante<\/p>\n","protected":false},"excerpt":{"rendered":"<p>Un cami\u00f3n, tres autom\u00f3viles y una ambulancia protagonizaron un tremendo siniestro vial que dej\u00f3 v\u00edctimas fatales. Ocurri\u00f3 alrededor de las 6:10 de \u00e9ste s\u00e1bado en el kil\u00f3metro 14 de la Ruta 188, en General Rojo Investigan las causas que provocaron la colisi\u00f3n entre un Chevrolet Corsa Wagon conducido por Carlos Pare, un cami\u00f3n Volkswagen dominio [&hellip;]<\/p>\n","protected":false},"author":4,"featured_media":69516,"comment_status":"open","ping_status":"closed","sticky":false,"template":"","format":"standard","meta":{"om_disable_all_campaigns":false,"_jetpack_memberships_contains_paid_content":false,"footnotes":""},"categories":[621],"tags":[],"class_list":["post-69515","post","type-post","status-publish","format-standard","has-post-thumbnail","hentry","category-regionales"],"aioseo_notices":[],"gutentor_comment":0,"jetpack_featured_media_url":"https:\/\/eldiariodesanpedro.com.ar\/sitio\/wp-content\/uploads\/2020\/02\/rojo_0.jpg","jetpack_shortlink":"https:\/\/wp.me\/p6RhLt-i5d","jetpack_sharing_enabled":true,"_links":{"self":[{"href":"https:\/\/eldiariodesanpedro.com.ar\/sitio\/wp-json\/wp\/v2\/posts\/69515","targetHints":{"allow":["GET"]}}],"collection":[{"href":"https:\/\/eldiariodesanpedro.com.ar\/sitio\/wp-json\/wp\/v2\/posts"}],"about":[{"href":"https:\/\/eldiariodesanpedro.com.ar\/sitio\/wp-json\/wp\/v2\/types\/post"}],"author":[{"embeddable":true,"href":"https:\/\/eldiariodesanpedro.com.ar\/sitio\/wp-json\/wp\/v2\/users\/4"}],"replies":[{"embeddable":true,"href":"https:\/\/eldiariodesanpedro.com.ar\/sitio\/wp-json\/wp\/v2\/comments?post=69515"}],"version-history":[{"count":1,"href":"https:\/\/eldiariodesanpedro.com.ar\/sitio\/wp-json\/wp\/v2\/posts\/69515\/revisions"}],"predecessor-version":[{"id":69517,"href":"https:\/\/eldiariodesanpedro.com.ar\/sitio\/wp-json\/wp\/v2\/posts\/69515\/revisions\/69517"}],"wp:featuredmedia":[{"embeddable":true,"href":"https:\/\/eldiariodesanpedro.com.ar\/sitio\/wp-json\/wp\/v2\/media\/69516"}],"wp:attachment":[{"href":"https:\/\/eldiariodesanpedro.com.ar\/sitio\/wp-json\/wp\/v2\/media?parent=69515"}],"wp:term":[{"taxonomy":"category","embeddable":true,"href":"https:\/\/eldiariodesanpedro.com.ar\/sitio\/wp-json\/wp\/v2\/categories?post=69515"},{"taxonomy":"post_tag","embeddable":true,"href":"https:\/\/eldiariodesanpedro.com.ar\/sitio\/wp-json\/wp\/v2\/tags?post=69515"}],"curies":[{"name":"wp","href":"https:\/\/api.w.org\/{rel}","templated":true}]}}