{"id":69512,"date":"2020-02-29T19:58:35","date_gmt":"2020-02-29T22:58:35","guid":{"rendered":"https:\/\/eldiariodesanpedro.com.ar\/sitio\/?p=69512"},"modified":"2020-02-29T19:58:42","modified_gmt":"2020-02-29T22:58:42","slug":"baradero-el-intendente-dijo-que-fue-un-febrero-positivo-para-baradero","status":"publish","type":"post","link":"https:\/\/eldiariodesanpedro.com.ar\/sitio\/baradero-el-intendente-dijo-que-fue-un-febrero-positivo-para-baradero\/","title":{"rendered":"BARADERO | El Intendente dijo que \u201cfue un febrero positivo para Baradero\u201d"},"content":{"rendered":"<!-- VideographyWP Plugin Message: Automatic video embedding prevented by plugin options. -->\n\n<p>El Jefe Comunal Esteban Sanzio habl\u00f3 con Tu Radio repasando el calendario de eventos que tuvo la ciudad durante el mes de febrero. El mismo comenz\u00f3 con el Festival de Danzas y culmin\u00f3 con el Rock en Baradero.<\/p>\n\n\n\n<p>\u201cEl balance es sumamente positivo\u201d, se\u00f1al\u00f3 el jefe comunal al referirse a la cartera de eventos que tuvo Baradero.<\/p>\n\n\n\n<p>En cu\u00e1nto al balance Sanzio se\u00f1al\u00f3 que \u201chay que trabajar en varias cuestiones y ultimar detalles\u201d.<\/p>\n\n\n\n<p>\u201cTuvimos un febrero que super\u00f3 las expectativas\u201d, a\u00f1adi\u00f3.<\/p>\n\n\n\n<p>En el mismo sentido el intendente agreg\u00f3 que \u201ces fundamental que se mantenga durante el a\u00f1o la realizaci\u00f3n de los distintos eventos\u201d y puntualiz\u00f3: \u201cvamos a trabajar mucho en ese sentido para que Baradero, culturalmente, este activo todo el a\u00f1o\u201d.<\/p>\n\n\n\n<p>Fuente: Tu Linea Directa <\/p>\n","protected":false},"excerpt":{"rendered":"<p>El Jefe Comunal Esteban Sanzio habl\u00f3 con Tu Radio repasando el calendario de eventos que tuvo la ciudad durante el mes de febrero. El mismo comenz\u00f3 con el Festival de Danzas y culmin\u00f3 con el Rock en Baradero. \u201cEl balance es sumamente positivo\u201d, se\u00f1al\u00f3 el jefe comunal al referirse a la cartera de eventos que [&hellip;]<\/p>\n","protected":false},"author":4,"featured_media":69513,"comment_status":"open","ping_status":"closed","sticky":false,"template":"","format":"standard","meta":{"om_disable_all_campaigns":false,"_jetpack_memberships_contains_paid_content":false,"footnotes":""},"categories":[621],"tags":[],"class_list":["post-69512","post","type-post","status-publish","format-standard","has-post-thumbnail","hentry","category-regionales"],"aioseo_notices":[],"gutentor_comment":0,"jetpack_featured_media_url":"https:\/\/eldiariodesanpedro.com.ar\/sitio\/wp-content\/uploads\/2020\/02\/86314592_10216999708528018_5825548045198032896_n.jpg","jetpack_shortlink":"https:\/\/wp.me\/p6RhLt-i5a","jetpack_sharing_enabled":true,"_links":{"self":[{"href":"https:\/\/eldiariodesanpedro.com.ar\/sitio\/wp-json\/wp\/v2\/posts\/69512","targetHints":{"allow":["GET"]}}],"collection":[{"href":"https:\/\/eldiariodesanpedro.com.ar\/sitio\/wp-json\/wp\/v2\/posts"}],"about":[{"href":"https:\/\/eldiariodesanpedro.com.ar\/sitio\/wp-json\/wp\/v2\/types\/post"}],"author":[{"embeddable":true,"href":"https:\/\/eldiariodesanpedro.com.ar\/sitio\/wp-json\/wp\/v2\/users\/4"}],"replies":[{"embeddable":true,"href":"https:\/\/eldiariodesanpedro.com.ar\/sitio\/wp-json\/wp\/v2\/comments?post=69512"}],"version-history":[{"count":1,"href":"https:\/\/eldiariodesanpedro.com.ar\/sitio\/wp-json\/wp\/v2\/posts\/69512\/revisions"}],"predecessor-version":[{"id":69514,"href":"https:\/\/eldiariodesanpedro.com.ar\/sitio\/wp-json\/wp\/v2\/posts\/69512\/revisions\/69514"}],"wp:featuredmedia":[{"embeddable":true,"href":"https:\/\/eldiariodesanpedro.com.ar\/sitio\/wp-json\/wp\/v2\/media\/69513"}],"wp:attachment":[{"href":"https:\/\/eldiariodesanpedro.com.ar\/sitio\/wp-json\/wp\/v2\/media?parent=69512"}],"wp:term":[{"taxonomy":"category","embeddable":true,"href":"https:\/\/eldiariodesanpedro.com.ar\/sitio\/wp-json\/wp\/v2\/categories?post=69512"},{"taxonomy":"post_tag","embeddable":true,"href":"https:\/\/eldiariodesanpedro.com.ar\/sitio\/wp-json\/wp\/v2\/tags?post=69512"}],"curies":[{"name":"wp","href":"https:\/\/api.w.org\/{rel}","templated":true}]}}