{"id":69509,"date":"2020-02-29T19:26:41","date_gmt":"2020-02-29T22:26:41","guid":{"rendered":"https:\/\/eldiariodesanpedro.com.ar\/sitio\/?p=69509"},"modified":"2020-02-29T19:26:48","modified_gmt":"2020-02-29T22:26:48","slug":"bomberos-de-san-pedro-convocados-al-incendio-forestal-de-alsina","status":"publish","type":"post","link":"https:\/\/eldiariodesanpedro.com.ar\/sitio\/bomberos-de-san-pedro-convocados-al-incendio-forestal-de-alsina\/","title":{"rendered":"Bomberos de San Pedro convocados al incendio forestal de Alsina"},"content":{"rendered":"<!-- VideographyWP Plugin Message: Automatic video embedding prevented by plugin options. -->\n\n<p>Bomberos Voluntarios de San Pedro convocados en colaboraci\u00f3n para sofocar el incendio forestal en Alsina, una dotaci\u00f3n con siete integrantes trabaja en el lugar desde este s\u00e1bado.<\/p>\n\n\n\n<p>Una dotaci\u00f3n con siete integrantes del cuerpo de Bomberos Voluntarios de San Pedro interviene en el incendio forestal de la localidad de Alsina partido de Baradero.<\/p>\n\n\n\n<p>Dicha dotaci\u00f3n esta a cargo del Suboficial Ayudante Mayor Rom\u00e1n Montenegro y pertenece a la Brigada de Incendios Forestales del cuartel central de San Pedro.<\/p>\n\n\n\n<p>La convocatoria fue realizada por la Federaci\u00f3n de la Provincia de Buenos Aires para intervenir en sofocar este incendio forestal de grandes caracter\u00edsticas donde trabaja tambi\u00e9n helic\u00f3pteros hidrantes tanto por la magnitud como as\u00ed tambi\u00e9n por las dificultades de acceso a la zona de fuego.<\/p>\n\n\n\n<p>El siniestro se origino en un amplio sector, de dif\u00edcil acceso a la altura del KM 122 de la ruta Nacional 9.<\/p>\n\n\n\n<p>Fuente: San Pedro Informa<\/p>\n","protected":false},"excerpt":{"rendered":"<p>Bomberos Voluntarios de San Pedro convocados en colaboraci\u00f3n para sofocar el incendio forestal en Alsina, una dotaci\u00f3n con siete integrantes trabaja en el lugar desde este s\u00e1bado. Una dotaci\u00f3n con siete integrantes del cuerpo de Bomberos Voluntarios de San Pedro interviene en el incendio forestal de la localidad de Alsina partido de Baradero. Dicha dotaci\u00f3n [&hellip;]<\/p>\n","protected":false},"author":4,"featured_media":69510,"comment_status":"open","ping_status":"closed","sticky":false,"template":"","format":"standard","meta":{"om_disable_all_campaigns":false,"_jetpack_memberships_contains_paid_content":false,"footnotes":""},"categories":[101,2],"tags":[],"class_list":["post-69509","post","type-post","status-publish","format-standard","has-post-thumbnail","hentry","category-interes-general-locales","category-locales"],"aioseo_notices":[],"gutentor_comment":0,"jetpack_featured_media_url":"https:\/\/eldiariodesanpedro.com.ar\/sitio\/wp-content\/uploads\/2020\/02\/000082459.jpg","jetpack_shortlink":"https:\/\/wp.me\/p6RhLt-i57","jetpack_sharing_enabled":true,"_links":{"self":[{"href":"https:\/\/eldiariodesanpedro.com.ar\/sitio\/wp-json\/wp\/v2\/posts\/69509","targetHints":{"allow":["GET"]}}],"collection":[{"href":"https:\/\/eldiariodesanpedro.com.ar\/sitio\/wp-json\/wp\/v2\/posts"}],"about":[{"href":"https:\/\/eldiariodesanpedro.com.ar\/sitio\/wp-json\/wp\/v2\/types\/post"}],"author":[{"embeddable":true,"href":"https:\/\/eldiariodesanpedro.com.ar\/sitio\/wp-json\/wp\/v2\/users\/4"}],"replies":[{"embeddable":true,"href":"https:\/\/eldiariodesanpedro.com.ar\/sitio\/wp-json\/wp\/v2\/comments?post=69509"}],"version-history":[{"count":1,"href":"https:\/\/eldiariodesanpedro.com.ar\/sitio\/wp-json\/wp\/v2\/posts\/69509\/revisions"}],"predecessor-version":[{"id":69511,"href":"https:\/\/eldiariodesanpedro.com.ar\/sitio\/wp-json\/wp\/v2\/posts\/69509\/revisions\/69511"}],"wp:featuredmedia":[{"embeddable":true,"href":"https:\/\/eldiariodesanpedro.com.ar\/sitio\/wp-json\/wp\/v2\/media\/69510"}],"wp:attachment":[{"href":"https:\/\/eldiariodesanpedro.com.ar\/sitio\/wp-json\/wp\/v2\/media?parent=69509"}],"wp:term":[{"taxonomy":"category","embeddable":true,"href":"https:\/\/eldiariodesanpedro.com.ar\/sitio\/wp-json\/wp\/v2\/categories?post=69509"},{"taxonomy":"post_tag","embeddable":true,"href":"https:\/\/eldiariodesanpedro.com.ar\/sitio\/wp-json\/wp\/v2\/tags?post=69509"}],"curies":[{"name":"wp","href":"https:\/\/api.w.org\/{rel}","templated":true}]}}