{"id":69498,"date":"2020-02-28T17:40:04","date_gmt":"2020-02-28T20:40:04","guid":{"rendered":"https:\/\/eldiariodesanpedro.com.ar\/sitio\/?p=69498"},"modified":"2020-02-28T17:40:10","modified_gmt":"2020-02-28T20:40:10","slug":"se-recupero-la-computadora-robada-dias-atras","status":"publish","type":"post","link":"https:\/\/eldiariodesanpedro.com.ar\/sitio\/se-recupero-la-computadora-robada-dias-atras\/","title":{"rendered":"Se recuper\u00f3 la computadora robada d\u00edas atr\u00e1s"},"content":{"rendered":"<!-- VideographyWP Plugin Message: Automatic video embedding prevented by plugin options. -->\n\n<p>Se realiz\u00f3 un allanamiento en la zona rural por el robo en la escuela ocurrido d\u00edas atr\u00e1s con resultados positivos.&nbsp;<\/p>\n\n\n\n<p>Este jueves en horas de la tarde el Gabinete Criminol\u00f3gico de nuestra ciudad tras investigaci\u00f3n establece la autor\u00eda del hecho ocurrido d\u00edas atr\u00e1s en una instituci\u00f3n escolar ubicada en Zona Rural Cuartel VI en el que se robaron una notebook.<\/p>\n\n\n\n<p>La vivienda allanada se encuentra en la misma zona rural donde reside un joven de 22 a\u00f1os de edad a quien se le secuestr\u00f3 el elemento sustra\u00eddo, una computadora perteneciente a Conectar Igualdad junto con su cargador.<\/p>\n\n\n\n<p>Imagen Ilustrativa<\/p>\n","protected":false},"excerpt":{"rendered":"<p>Se realiz\u00f3 un allanamiento en la zona rural por el robo en la escuela ocurrido d\u00edas atr\u00e1s con resultados positivos.&nbsp; Este jueves en horas de la tarde el Gabinete Criminol\u00f3gico de nuestra ciudad tras investigaci\u00f3n establece la autor\u00eda del hecho ocurrido d\u00edas atr\u00e1s en una instituci\u00f3n escolar ubicada en Zona Rural Cuartel VI en el [&hellip;]<\/p>\n","protected":false},"author":4,"featured_media":69499,"comment_status":"open","ping_status":"closed","sticky":false,"template":"","format":"standard","meta":{"om_disable_all_campaigns":false,"_jetpack_memberships_contains_paid_content":false,"footnotes":""},"categories":[2,103],"tags":[],"class_list":["post-69498","post","type-post","status-publish","format-standard","has-post-thumbnail","hentry","category-locales","category-policiales-locales"],"aioseo_notices":[],"gutentor_comment":0,"jetpack_featured_media_url":"https:\/\/eldiariodesanpedro.com.ar\/sitio\/wp-content\/uploads\/2020\/02\/img-20190409-wa0006.jpg","jetpack_shortlink":"https:\/\/wp.me\/p6RhLt-i4W","jetpack_sharing_enabled":true,"_links":{"self":[{"href":"https:\/\/eldiariodesanpedro.com.ar\/sitio\/wp-json\/wp\/v2\/posts\/69498","targetHints":{"allow":["GET"]}}],"collection":[{"href":"https:\/\/eldiariodesanpedro.com.ar\/sitio\/wp-json\/wp\/v2\/posts"}],"about":[{"href":"https:\/\/eldiariodesanpedro.com.ar\/sitio\/wp-json\/wp\/v2\/types\/post"}],"author":[{"embeddable":true,"href":"https:\/\/eldiariodesanpedro.com.ar\/sitio\/wp-json\/wp\/v2\/users\/4"}],"replies":[{"embeddable":true,"href":"https:\/\/eldiariodesanpedro.com.ar\/sitio\/wp-json\/wp\/v2\/comments?post=69498"}],"version-history":[{"count":1,"href":"https:\/\/eldiariodesanpedro.com.ar\/sitio\/wp-json\/wp\/v2\/posts\/69498\/revisions"}],"predecessor-version":[{"id":69500,"href":"https:\/\/eldiariodesanpedro.com.ar\/sitio\/wp-json\/wp\/v2\/posts\/69498\/revisions\/69500"}],"wp:featuredmedia":[{"embeddable":true,"href":"https:\/\/eldiariodesanpedro.com.ar\/sitio\/wp-json\/wp\/v2\/media\/69499"}],"wp:attachment":[{"href":"https:\/\/eldiariodesanpedro.com.ar\/sitio\/wp-json\/wp\/v2\/media?parent=69498"}],"wp:term":[{"taxonomy":"category","embeddable":true,"href":"https:\/\/eldiariodesanpedro.com.ar\/sitio\/wp-json\/wp\/v2\/categories?post=69498"},{"taxonomy":"post_tag","embeddable":true,"href":"https:\/\/eldiariodesanpedro.com.ar\/sitio\/wp-json\/wp\/v2\/tags?post=69498"}],"curies":[{"name":"wp","href":"https:\/\/api.w.org\/{rel}","templated":true}]}}