{"id":69496,"date":"2020-02-28T17:37:30","date_gmt":"2020-02-28T20:37:30","guid":{"rendered":"https:\/\/eldiariodesanpedro.com.ar\/sitio\/?p=69496"},"modified":"2020-02-28T17:37:35","modified_gmt":"2020-02-28T20:37:35","slug":"un-detenido-en-la-via-publica","status":"publish","type":"post","link":"https:\/\/eldiariodesanpedro.com.ar\/sitio\/un-detenido-en-la-via-publica\/","title":{"rendered":"Un detenido en la v\u00eda p\u00fablica"},"content":{"rendered":"<!-- VideographyWP Plugin Message: Automatic video embedding prevented by plugin options. -->\n\n<p>Este jueves el Gabinete Criminol\u00f3gico se detiene a un ciudadano de 32 a\u00f1os sobre quien pesaba un pedido de detenci\u00f3n activa por una causa de \u201cejecuci\u00f3n de pena\u201d solicitada el pasado 26 de febrero de 2020 a requerimiento del Juzgados de Ejecuci\u00f3n Penal Departamental.\u00a0<\/p>\n","protected":false},"excerpt":{"rendered":"<p>Este jueves el Gabinete Criminol\u00f3gico se detiene a un ciudadano de 32 a\u00f1os sobre quien pesaba un pedido de detenci\u00f3n activa por una causa de \u201cejecuci\u00f3n de pena\u201d solicitada el pasado 26 de febrero de 2020 a requerimiento del Juzgados de Ejecuci\u00f3n Penal Departamental.\u00a0<\/p>\n","protected":false},"author":4,"featured_media":69223,"comment_status":"open","ping_status":"closed","sticky":false,"template":"","format":"standard","meta":{"om_disable_all_campaigns":false,"_jetpack_memberships_contains_paid_content":false,"footnotes":""},"categories":[2,103],"tags":[],"class_list":["post-69496","post","type-post","status-publish","format-standard","has-post-thumbnail","hentry","category-locales","category-policiales-locales"],"aioseo_notices":[],"gutentor_comment":0,"jetpack_featured_media_url":"https:\/\/eldiariodesanpedro.com.ar\/sitio\/wp-content\/uploads\/2020\/02\/detenido.jpg","jetpack_shortlink":"https:\/\/wp.me\/p6RhLt-i4U","jetpack_sharing_enabled":true,"_links":{"self":[{"href":"https:\/\/eldiariodesanpedro.com.ar\/sitio\/wp-json\/wp\/v2\/posts\/69496","targetHints":{"allow":["GET"]}}],"collection":[{"href":"https:\/\/eldiariodesanpedro.com.ar\/sitio\/wp-json\/wp\/v2\/posts"}],"about":[{"href":"https:\/\/eldiariodesanpedro.com.ar\/sitio\/wp-json\/wp\/v2\/types\/post"}],"author":[{"embeddable":true,"href":"https:\/\/eldiariodesanpedro.com.ar\/sitio\/wp-json\/wp\/v2\/users\/4"}],"replies":[{"embeddable":true,"href":"https:\/\/eldiariodesanpedro.com.ar\/sitio\/wp-json\/wp\/v2\/comments?post=69496"}],"version-history":[{"count":1,"href":"https:\/\/eldiariodesanpedro.com.ar\/sitio\/wp-json\/wp\/v2\/posts\/69496\/revisions"}],"predecessor-version":[{"id":69497,"href":"https:\/\/eldiariodesanpedro.com.ar\/sitio\/wp-json\/wp\/v2\/posts\/69496\/revisions\/69497"}],"wp:featuredmedia":[{"embeddable":true,"href":"https:\/\/eldiariodesanpedro.com.ar\/sitio\/wp-json\/wp\/v2\/media\/69223"}],"wp:attachment":[{"href":"https:\/\/eldiariodesanpedro.com.ar\/sitio\/wp-json\/wp\/v2\/media?parent=69496"}],"wp:term":[{"taxonomy":"category","embeddable":true,"href":"https:\/\/eldiariodesanpedro.com.ar\/sitio\/wp-json\/wp\/v2\/categories?post=69496"},{"taxonomy":"post_tag","embeddable":true,"href":"https:\/\/eldiariodesanpedro.com.ar\/sitio\/wp-json\/wp\/v2\/tags?post=69496"}],"curies":[{"name":"wp","href":"https:\/\/api.w.org\/{rel}","templated":true}]}}