{"id":69494,"date":"2020-02-28T17:36:23","date_gmt":"2020-02-28T20:36:23","guid":{"rendered":"https:\/\/eldiariodesanpedro.com.ar\/sitio\/?p=69494"},"modified":"2020-02-28T17:36:30","modified_gmt":"2020-02-28T20:36:30","slug":"un-aprehendido-por-golpear-a-su-mujer-e-hijos","status":"publish","type":"post","link":"https:\/\/eldiariodesanpedro.com.ar\/sitio\/un-aprehendido-por-golpear-a-su-mujer-e-hijos\/","title":{"rendered":"Un aprehendido por golpear a su mujer e hijos"},"content":{"rendered":"<!-- VideographyWP Plugin Message: Automatic video embedding prevented by plugin options. -->\n\n<p>El personal policial de nuestra localidad acude a una denuncia de un ciudadano a trav\u00e9s de un llamado 911, en una vivienda ubicada en calle Cruz Roja al 1600, donde aprehenden a hombre de 39 a\u00f1os de edad quien momentos antes agrede a su pareja mujer de 33 a\u00f1os y a sus hijos&nbsp; de 12 y 15 a\u00f1os, y en presencia de personal profiere amenazas.&nbsp;<\/p>\n\n\n\n<p>Esta persona es reducida y trasladada a la comisar\u00eda local donde permanece alojado, y su pareja realiz\u00f3 la correspondiente denuncia en la comisar\u00eda de la Mujer y la Familia.<\/p>\n","protected":false},"excerpt":{"rendered":"<p>El personal policial de nuestra localidad acude a una denuncia de un ciudadano a trav\u00e9s de un llamado 911, en una vivienda ubicada en calle Cruz Roja al 1600, donde aprehenden a hombre de 39 a\u00f1os de edad quien momentos antes agrede a su pareja mujer de 33 a\u00f1os y a sus hijos&nbsp; de 12 [&hellip;]<\/p>\n","protected":false},"author":4,"featured_media":69226,"comment_status":"open","ping_status":"closed","sticky":false,"template":"","format":"standard","meta":{"om_disable_all_campaigns":false,"_jetpack_memberships_contains_paid_content":false,"footnotes":""},"categories":[2,103],"tags":[],"class_list":["post-69494","post","type-post","status-publish","format-standard","has-post-thumbnail","hentry","category-locales","category-policiales-locales"],"aioseo_notices":[],"gutentor_comment":0,"jetpack_featured_media_url":"https:\/\/eldiariodesanpedro.com.ar\/sitio\/wp-content\/uploads\/2020\/02\/detenido-1.jpg","jetpack_shortlink":"https:\/\/wp.me\/p6RhLt-i4S","jetpack_sharing_enabled":true,"_links":{"self":[{"href":"https:\/\/eldiariodesanpedro.com.ar\/sitio\/wp-json\/wp\/v2\/posts\/69494","targetHints":{"allow":["GET"]}}],"collection":[{"href":"https:\/\/eldiariodesanpedro.com.ar\/sitio\/wp-json\/wp\/v2\/posts"}],"about":[{"href":"https:\/\/eldiariodesanpedro.com.ar\/sitio\/wp-json\/wp\/v2\/types\/post"}],"author":[{"embeddable":true,"href":"https:\/\/eldiariodesanpedro.com.ar\/sitio\/wp-json\/wp\/v2\/users\/4"}],"replies":[{"embeddable":true,"href":"https:\/\/eldiariodesanpedro.com.ar\/sitio\/wp-json\/wp\/v2\/comments?post=69494"}],"version-history":[{"count":1,"href":"https:\/\/eldiariodesanpedro.com.ar\/sitio\/wp-json\/wp\/v2\/posts\/69494\/revisions"}],"predecessor-version":[{"id":69495,"href":"https:\/\/eldiariodesanpedro.com.ar\/sitio\/wp-json\/wp\/v2\/posts\/69494\/revisions\/69495"}],"wp:featuredmedia":[{"embeddable":true,"href":"https:\/\/eldiariodesanpedro.com.ar\/sitio\/wp-json\/wp\/v2\/media\/69226"}],"wp:attachment":[{"href":"https:\/\/eldiariodesanpedro.com.ar\/sitio\/wp-json\/wp\/v2\/media?parent=69494"}],"wp:term":[{"taxonomy":"category","embeddable":true,"href":"https:\/\/eldiariodesanpedro.com.ar\/sitio\/wp-json\/wp\/v2\/categories?post=69494"},{"taxonomy":"post_tag","embeddable":true,"href":"https:\/\/eldiariodesanpedro.com.ar\/sitio\/wp-json\/wp\/v2\/tags?post=69494"}],"curies":[{"name":"wp","href":"https:\/\/api.w.org\/{rel}","templated":true}]}}